{"id":50689,"date":"2022-02-24T12:14:36","date_gmt":"2022-02-24T11:14:36","guid":{"rendered":"https:\/\/www.fiorentini-iberia.com\/news\/pietro-fiorentini-esten-el-projecte-e-mobility-a-cotxes-dempresa\/"},"modified":"2024-04-02T16:41:19","modified_gmt":"2024-04-02T14:41:19","slug":"pietro-fiorentini-esten-el-projecte-e-mobility-a-cotxes-dempresa","status":"publish","type":"news","link":"https:\/\/www.fiorentini-iberia.com\/ca\/news\/pietro-fiorentini-esten-el-projecte-e-mobility-a-cotxes-dempresa\/","title":{"rendered":"Pietro Fiorentini est\u00e9n el projecte e-Mobility a cotxes d\u2019empresa"},"content":{"rendered":"\n<p>Continua el canvi verd de la flota de vehicles d\u2019empresa que Pietro Fiorentini va comen\u00e7ar el 2020. Gr\u00e0cies al projecte e-Mobility, que va comen\u00e7ar amb la introducci\u00f3 del primer Volkswagen up! i la instal\u00b7laci\u00f3 d\u2019estacions de rec\u00e0rrega en diferents seus italianes del Grup Pietro Fiorentini, han arribat 23 nous cotxes el\u00e8ctrics Volkswagen ID.3 per formar part de la flota de vehicles d\u2019empresa.<\/p>\n\n\n\n<div style=\"height:20px\" aria-hidden=\"true\" class=\"wp-block-spacer\"><\/div>\n\n\n\n<p><strong>Lorenzo Groppo<\/strong>,\u00a0<strong>Gerent de Flota<\/strong>\u00a0del Grup Pietro Fiorentini, va explicar \u201c<em>Tamb\u00e9 estem convertint a <strong>el\u00e8ctrics els vehicles assignats individualment als empleats<\/strong>. En col\u00b7laboraci\u00f3 amb Volkswagen It\u00e0lia, estem oferint l\u2019oportunitat de provar ells mateixos l\u2019ID.3s durant 20 dies a tots aquells que tenen benefici marginal perqu\u00e8 vegin si aquest vehicle s\u2019ajusta a les seves necessitats<\/em>.\u201d<\/p>\n","protected":false},"excerpt":{"rendered":"<p>El canvi verd de la flota de l&#8217;empresa iniciat per Pietro Fiorentini en 2020 encara continua.<\/p>\n","protected":false},"featured_media":50690,"parent":0,"menu_order":0,"template":"","format":"standard","meta":{"_acf_changed":false,"inline_featured_image":false},"tags":[],"class_list":["post-50689","news","type-news","status-publish","format-standard","has-post-thumbnail","hentry","news_categories-esg-ca"],"acf":[],"yoast_head":"<!-- This site is optimized with the Yoast SEO plugin v27.2 - https:\/\/yoast.com\/product\/yoast-seo-wordpress\/ -->\n<title>Pietro Fiorentini est\u00e9n el projecte e-Mobility a cotxes d\u2019empresa - Pietro Fiorentini<\/title>\n<meta name=\"description\" content=\"El canvi ecol\u00f2gic de la flota de l&#039;empresa de Pietro Fiorentini continua: estem convertint en el\u00e8ctrics tamb\u00e9 els vehicles assignats als empleats.\" \/>\n<meta name=\"robots\" content=\"index, follow, max-snippet:-1, max-image-preview:large, max-video-preview:-1\" \/>\n<link rel=\"canonical\" href=\"https:\/\/www.fiorentini-iberia.com\/ca\/news\/pietro-fiorentini-esten-el-projecte-e-mobility-a-cotxes-dempresa\/\" \/>\n<meta property=\"og:locale\" content=\"ca_ES\" \/>\n<meta property=\"og:type\" content=\"article\" \/>\n<meta property=\"og:title\" content=\"Pietro Fiorentini est\u00e9n el projecte e-Mobility a cotxes d\u2019empresa - Pietro Fiorentini\" \/>\n<meta property=\"og:description\" content=\"El canvi ecol\u00f2gic de la flota de l&#039;empresa de Pietro Fiorentini continua: estem convertint en el\u00e8ctrics tamb\u00e9 els vehicles assignats als empleats.\" \/>\n<meta property=\"og:url\" content=\"https:\/\/www.fiorentini-iberia.com\/ca\/news\/pietro-fiorentini-esten-el-projecte-e-mobility-a-cotxes-dempresa\/\" \/>\n<meta property=\"og:site_name\" content=\"Pietro Fiorentini\" \/>\n<meta property=\"article:modified_time\" content=\"2024-04-02T14:41:19+00:00\" \/>\n<meta property=\"og:image\" content=\"https:\/\/www.fiorentini-iberia.com\/wp-content\/uploads\/2022\/02\/News_PietroFiorentiniProgettoE-MobilityFringe_1.jpg\" \/>\n\t<meta property=\"og:image:width\" content=\"991\" \/>\n\t<meta property=\"og:image:height\" content=\"991\" \/>\n\t<meta property=\"og:image:type\" content=\"image\/jpeg\" \/>\n<meta name=\"twitter:card\" content=\"summary_large_image\" \/>\n<meta name=\"twitter:site\" content=\"@FiorentiniSpa\" \/>\n<meta name=\"twitter:label1\" content=\"Temps estimat de lectura\" \/>\n\t<meta name=\"twitter:data1\" content=\"1 minut\" \/>\n<script type=\"application\/ld+json\" class=\"yoast-schema-graph\">{\"@context\":\"https:\/\/schema.org\",\"@graph\":[{\"@type\":\"WebPage\",\"@id\":\"https:\/\/www.fiorentini-iberia.com\/ca\/news\/pietro-fiorentini-esten-el-projecte-e-mobility-a-cotxes-dempresa\/\",\"url\":\"https:\/\/www.fiorentini-iberia.com\/ca\/news\/pietro-fiorentini-esten-el-projecte-e-mobility-a-cotxes-dempresa\/\",\"name\":\"Pietro Fiorentini est\u00e9n el projecte e-Mobility a cotxes d\u2019empresa - Pietro Fiorentini\",\"isPartOf\":{\"@id\":\"https:\/\/www.fiorentini-iberia.com\/ca\/#website\"},\"primaryImageOfPage\":{\"@id\":\"https:\/\/www.fiorentini-iberia.com\/ca\/news\/pietro-fiorentini-esten-el-projecte-e-mobility-a-cotxes-dempresa\/#primaryimage\"},\"image\":{\"@id\":\"https:\/\/www.fiorentini-iberia.com\/ca\/news\/pietro-fiorentini-esten-el-projecte-e-mobility-a-cotxes-dempresa\/#primaryimage\"},\"thumbnailUrl\":\"https:\/\/www.fiorentini-iberia.com\/wp-content\/uploads\/2022\/02\/News_PietroFiorentiniProgettoE-MobilityFringe_1.jpg\",\"datePublished\":\"2022-02-24T11:14:36+00:00\",\"dateModified\":\"2024-04-02T14:41:19+00:00\",\"description\":\"El canvi ecol\u00f2gic de la flota de l'empresa de Pietro Fiorentini continua: estem convertint en el\u00e8ctrics tamb\u00e9 els vehicles assignats als empleats.\",\"breadcrumb\":{\"@id\":\"https:\/\/www.fiorentini-iberia.com\/ca\/news\/pietro-fiorentini-esten-el-projecte-e-mobility-a-cotxes-dempresa\/#breadcrumb\"},\"inLanguage\":\"ca\",\"potentialAction\":[{\"@type\":\"ReadAction\",\"target\":[\"https:\/\/www.fiorentini-iberia.com\/ca\/news\/pietro-fiorentini-esten-el-projecte-e-mobility-a-cotxes-dempresa\/\"]}]},{\"@type\":\"ImageObject\",\"inLanguage\":\"ca\",\"@id\":\"https:\/\/www.fiorentini-iberia.com\/ca\/news\/pietro-fiorentini-esten-el-projecte-e-mobility-a-cotxes-dempresa\/#primaryimage\",\"url\":\"https:\/\/www.fiorentini-iberia.com\/wp-content\/uploads\/2022\/02\/News_PietroFiorentiniProgettoE-MobilityFringe_1.jpg\",\"contentUrl\":\"https:\/\/www.fiorentini-iberia.com\/wp-content\/uploads\/2022\/02\/News_PietroFiorentiniProgettoE-MobilityFringe_1.jpg\",\"width\":991,\"height\":991},{\"@type\":\"BreadcrumbList\",\"@id\":\"https:\/\/www.fiorentini-iberia.com\/ca\/news\/pietro-fiorentini-esten-el-projecte-e-mobility-a-cotxes-dempresa\/#breadcrumb\",\"itemListElement\":[{\"@type\":\"ListItem\",\"position\":1,\"name\":\"Home\",\"item\":\"https:\/\/www.fiorentini-iberia.com\/ca\/\"},{\"@type\":\"ListItem\",\"position\":2,\"name\":\"News\",\"item\":\"https:\/\/www.fiorentini-iberia.com\/ca\/news\/\"},{\"@type\":\"ListItem\",\"position\":3,\"name\":\"Pietro Fiorentini est\u00e9n el projecte e-Mobility a cotxes d\u2019empresa\"}]},{\"@type\":\"WebSite\",\"@id\":\"https:\/\/www.fiorentini-iberia.com\/ca\/#website\",\"url\":\"https:\/\/www.fiorentini-iberia.com\/ca\/\",\"name\":\"Pietro Fiorentini Iberia\",\"description\":\"Pietro Fiorentini dise\u00f1a y fabrica componentes, sistemas y servicios para la regulaci\u00f3n, medici\u00f3n, gesti\u00f3n de redes de agua, energ\u00edas renovables, petr\u00f3leo y el gas natural, con sistemas adaptados 100% al hidr\u00f3geno.\",\"publisher\":{\"@id\":\"https:\/\/www.fiorentini-iberia.com\/ca\/#organization\"},\"potentialAction\":[{\"@type\":\"SearchAction\",\"target\":{\"@type\":\"EntryPoint\",\"urlTemplate\":\"https:\/\/www.fiorentini-iberia.com\/ca\/?s={search_term_string}\"},\"query-input\":{\"@type\":\"PropertyValueSpecification\",\"valueRequired\":true,\"valueName\":\"search_term_string\"}}],\"inLanguage\":\"ca\"},{\"@type\":\"Organization\",\"@id\":\"https:\/\/www.fiorentini-iberia.com\/ca\/#organization\",\"name\":\"Pietro Fiorentini Iberia\",\"url\":\"https:\/\/www.fiorentini-iberia.com\/ca\/\",\"logo\":{\"@type\":\"ImageObject\",\"inLanguage\":\"ca\",\"@id\":\"https:\/\/www.fiorentini-iberia.com\/ca\/#\/schema\/logo\/image\/\",\"url\":\"https:\/\/www.fiorentini-iberia.com\/wp-content\/uploads\/2020\/11\/logo.svg\",\"contentUrl\":\"https:\/\/www.fiorentini-iberia.com\/wp-content\/uploads\/2020\/11\/logo.svg\",\"width\":227,\"height\":59,\"caption\":\"Pietro Fiorentini Iberia\"},\"image\":{\"@id\":\"https:\/\/www.fiorentini-iberia.com\/ca\/#\/schema\/logo\/image\/\"},\"sameAs\":[\"https:\/\/x.com\/FiorentiniSpa\",\"https:\/\/www.linkedin.com\/company\/pietro-fiorentini-iberia\/\"]}]}<\/script>\n<!-- \/ Yoast SEO plugin. -->","yoast_head_json":{"title":"Pietro Fiorentini est\u00e9n el projecte e-Mobility a cotxes d\u2019empresa - Pietro Fiorentini","description":"El canvi ecol\u00f2gic de la flota de l'empresa de Pietro Fiorentini continua: estem convertint en el\u00e8ctrics tamb\u00e9 els vehicles assignats als empleats.","robots":{"index":"index","follow":"follow","max-snippet":"max-snippet:-1","max-image-preview":"max-image-preview:large","max-video-preview":"max-video-preview:-1"},"canonical":"https:\/\/www.fiorentini-iberia.com\/ca\/news\/pietro-fiorentini-esten-el-projecte-e-mobility-a-cotxes-dempresa\/","og_locale":"ca_ES","og_type":"article","og_title":"Pietro Fiorentini est\u00e9n el projecte e-Mobility a cotxes d\u2019empresa - Pietro Fiorentini","og_description":"El canvi ecol\u00f2gic de la flota de l'empresa de Pietro Fiorentini continua: estem convertint en el\u00e8ctrics tamb\u00e9 els vehicles assignats als empleats.","og_url":"https:\/\/www.fiorentini-iberia.com\/ca\/news\/pietro-fiorentini-esten-el-projecte-e-mobility-a-cotxes-dempresa\/","og_site_name":"Pietro Fiorentini","article_modified_time":"2024-04-02T14:41:19+00:00","og_image":[{"width":991,"height":991,"url":"https:\/\/www.fiorentini-iberia.com\/wp-content\/uploads\/2022\/02\/News_PietroFiorentiniProgettoE-MobilityFringe_1.jpg","type":"image\/jpeg"}],"twitter_card":"summary_large_image","twitter_site":"@FiorentiniSpa","twitter_misc":{"Temps estimat de lectura":"1 minut"},"schema":{"@context":"https:\/\/schema.org","@graph":[{"@type":"WebPage","@id":"https:\/\/www.fiorentini-iberia.com\/ca\/news\/pietro-fiorentini-esten-el-projecte-e-mobility-a-cotxes-dempresa\/","url":"https:\/\/www.fiorentini-iberia.com\/ca\/news\/pietro-fiorentini-esten-el-projecte-e-mobility-a-cotxes-dempresa\/","name":"Pietro Fiorentini est\u00e9n el projecte e-Mobility a cotxes d\u2019empresa - Pietro Fiorentini","isPartOf":{"@id":"https:\/\/www.fiorentini-iberia.com\/ca\/#website"},"primaryImageOfPage":{"@id":"https:\/\/www.fiorentini-iberia.com\/ca\/news\/pietro-fiorentini-esten-el-projecte-e-mobility-a-cotxes-dempresa\/#primaryimage"},"image":{"@id":"https:\/\/www.fiorentini-iberia.com\/ca\/news\/pietro-fiorentini-esten-el-projecte-e-mobility-a-cotxes-dempresa\/#primaryimage"},"thumbnailUrl":"https:\/\/www.fiorentini-iberia.com\/wp-content\/uploads\/2022\/02\/News_PietroFiorentiniProgettoE-MobilityFringe_1.jpg","datePublished":"2022-02-24T11:14:36+00:00","dateModified":"2024-04-02T14:41:19+00:00","description":"El canvi ecol\u00f2gic de la flota de l'empresa de Pietro Fiorentini continua: estem convertint en el\u00e8ctrics tamb\u00e9 els vehicles assignats als empleats.","breadcrumb":{"@id":"https:\/\/www.fiorentini-iberia.com\/ca\/news\/pietro-fiorentini-esten-el-projecte-e-mobility-a-cotxes-dempresa\/#breadcrumb"},"inLanguage":"ca","potentialAction":[{"@type":"ReadAction","target":["https:\/\/www.fiorentini-iberia.com\/ca\/news\/pietro-fiorentini-esten-el-projecte-e-mobility-a-cotxes-dempresa\/"]}]},{"@type":"ImageObject","inLanguage":"ca","@id":"https:\/\/www.fiorentini-iberia.com\/ca\/news\/pietro-fiorentini-esten-el-projecte-e-mobility-a-cotxes-dempresa\/#primaryimage","url":"https:\/\/www.fiorentini-iberia.com\/wp-content\/uploads\/2022\/02\/News_PietroFiorentiniProgettoE-MobilityFringe_1.jpg","contentUrl":"https:\/\/www.fiorentini-iberia.com\/wp-content\/uploads\/2022\/02\/News_PietroFiorentiniProgettoE-MobilityFringe_1.jpg","width":991,"height":991},{"@type":"BreadcrumbList","@id":"https:\/\/www.fiorentini-iberia.com\/ca\/news\/pietro-fiorentini-esten-el-projecte-e-mobility-a-cotxes-dempresa\/#breadcrumb","itemListElement":[{"@type":"ListItem","position":1,"name":"Home","item":"https:\/\/www.fiorentini-iberia.com\/ca\/"},{"@type":"ListItem","position":2,"name":"News","item":"https:\/\/www.fiorentini-iberia.com\/ca\/news\/"},{"@type":"ListItem","position":3,"name":"Pietro Fiorentini est\u00e9n el projecte e-Mobility a cotxes d\u2019empresa"}]},{"@type":"WebSite","@id":"https:\/\/www.fiorentini-iberia.com\/ca\/#website","url":"https:\/\/www.fiorentini-iberia.com\/ca\/","name":"Pietro Fiorentini Iberia","description":"Pietro Fiorentini dise\u00f1a y fabrica componentes, sistemas y servicios para la regulaci\u00f3n, medici\u00f3n, gesti\u00f3n de redes de agua, energ\u00edas renovables, petr\u00f3leo y el gas natural, con sistemas adaptados 100% al hidr\u00f3geno.","publisher":{"@id":"https:\/\/www.fiorentini-iberia.com\/ca\/#organization"},"potentialAction":[{"@type":"SearchAction","target":{"@type":"EntryPoint","urlTemplate":"https:\/\/www.fiorentini-iberia.com\/ca\/?s={search_term_string}"},"query-input":{"@type":"PropertyValueSpecification","valueRequired":true,"valueName":"search_term_string"}}],"inLanguage":"ca"},{"@type":"Organization","@id":"https:\/\/www.fiorentini-iberia.com\/ca\/#organization","name":"Pietro Fiorentini Iberia","url":"https:\/\/www.fiorentini-iberia.com\/ca\/","logo":{"@type":"ImageObject","inLanguage":"ca","@id":"https:\/\/www.fiorentini-iberia.com\/ca\/#\/schema\/logo\/image\/","url":"https:\/\/www.fiorentini-iberia.com\/wp-content\/uploads\/2020\/11\/logo.svg","contentUrl":"https:\/\/www.fiorentini-iberia.com\/wp-content\/uploads\/2020\/11\/logo.svg","width":227,"height":59,"caption":"Pietro Fiorentini Iberia"},"image":{"@id":"https:\/\/www.fiorentini-iberia.com\/ca\/#\/schema\/logo\/image\/"},"sameAs":["https:\/\/x.com\/FiorentiniSpa","https:\/\/www.linkedin.com\/company\/pietro-fiorentini-iberia\/"]}]}},"_links":{"self":[{"href":"https:\/\/www.fiorentini-iberia.com\/ca\/wp-json\/wp\/v2\/news\/50689","targetHints":{"allow":["GET"]}}],"collection":[{"href":"https:\/\/www.fiorentini-iberia.com\/ca\/wp-json\/wp\/v2\/news"}],"about":[{"href":"https:\/\/www.fiorentini-iberia.com\/ca\/wp-json\/wp\/v2\/types\/news"}],"wp:featuredmedia":[{"embeddable":true,"href":"https:\/\/www.fiorentini-iberia.com\/ca\/wp-json\/wp\/v2\/media\/50690"}],"wp:attachment":[{"href":"https:\/\/www.fiorentini-iberia.com\/ca\/wp-json\/wp\/v2\/media?parent=50689"}],"wp:term":[{"taxonomy":"post_tag","embeddable":true,"href":"https:\/\/www.fiorentini-iberia.com\/ca\/wp-json\/wp\/v2\/tags?post=50689"}],"curies":[{"name":"wp","href":"https:\/\/api.w.org\/{rel}","templated":true}]}}