{"id":50870,"date":"2023-07-19T16:48:50","date_gmt":"2023-07-19T14:48:50","guid":{"rendered":"https:\/\/www.fiorentini-iberia.com\/news\/el-nostre-horari-durant-lagost\/"},"modified":"2024-04-03T16:57:02","modified_gmt":"2024-04-03T14:57:02","slug":"el-nostre-horari-durant-lagost","status":"publish","type":"news","link":"https:\/\/www.fiorentini-iberia.com\/ca\/news\/el-nostre-horari-durant-lagost\/","title":{"rendered":"El nostre horari durant l\u2019agost"},"content":{"rendered":"\n<p>A l\u2019agost continuarem oferint-vos els nostres serveis, per\u00f2 en horari redu\u00eft:<br>\u00a0<\/p>\n\n\n\n<p><strong>De dilluns a divendres de 8:00h a 14:00 h.<\/strong><\/p>\n\n\n\n<p>Les nostres oficines i el magatzem romandran <strong>tancats del 14 al 18 d\u2019agost<\/strong>.\u00a0<br>\u00a0<br>L\u2019<strong>\u00faltim enviament de mercaderies<\/strong>\u00a0es realitzar\u00e0 l\u201911 d\u2019agost.<br><br><strong>Bon estiu i bones vacances!<\/strong><\/p>\n","protected":false},"excerpt":{"rendered":"<p>Agost, de dilluns a divendres de 8:00h a 14:00 h.<br \/>\n\u00a0<br \/>\nLes nostres oficines i el magatzem romandran tancats del 14 al 18 d\u2019agost. <\/p>\n","protected":false},"featured_media":50867,"parent":0,"menu_order":0,"template":"","format":"standard","meta":{"_acf_changed":false,"inline_featured_image":false},"tags":[],"class_list":["post-50870","news","type-news","status-publish","format-standard","has-post-thumbnail","hentry","news_categories-corporatiu"],"acf":[],"yoast_head":"<!-- This site is optimized with the Yoast SEO plugin v27.2 - https:\/\/yoast.com\/product\/yoast-seo-wordpress\/ -->\n<title>El nostre horari durant l\u2019agost - Pietro Fiorentini<\/title>\n<meta name=\"description\" content=\"Agost, de dilluns a divendres de 8:00h a 14:00 h.\u00a0Les nostres oficines i el magatzem romandran tancats del 14 al 18 d\u2019agost.\" \/>\n<meta name=\"robots\" content=\"index, follow, max-snippet:-1, max-image-preview:large, max-video-preview:-1\" \/>\n<link rel=\"canonical\" href=\"https:\/\/www.fiorentini-iberia.com\/ca\/news\/el-nostre-horari-durant-lagost\/\" \/>\n<meta property=\"og:locale\" content=\"ca_ES\" \/>\n<meta property=\"og:type\" content=\"article\" \/>\n<meta property=\"og:title\" content=\"El nostre horari durant l\u2019agost - Pietro Fiorentini\" \/>\n<meta property=\"og:description\" content=\"Agost, de dilluns a divendres de 8:00h a 14:00 h.\u00a0Les nostres oficines i el magatzem romandran tancats del 14 al 18 d\u2019agost.\" \/>\n<meta property=\"og:url\" content=\"https:\/\/www.fiorentini-iberia.com\/ca\/news\/el-nostre-horari-durant-lagost\/\" \/>\n<meta property=\"og:site_name\" content=\"Pietro Fiorentini\" \/>\n<meta property=\"article:modified_time\" content=\"2024-04-03T14:57:02+00:00\" \/>\n<meta property=\"og:image\" content=\"https:\/\/www.fiorentini-iberia.com\/wp-content\/uploads\/2023\/07\/Noticia-Horaris-Estiu-CAT.jpg\" \/>\n\t<meta property=\"og:image:width\" content=\"1112\" \/>\n\t<meta property=\"og:image:height\" content=\"1090\" \/>\n\t<meta property=\"og:image:type\" content=\"image\/jpeg\" \/>\n<meta name=\"twitter:card\" content=\"summary_large_image\" \/>\n<meta name=\"twitter:site\" content=\"@FiorentiniSpa\" \/>\n<meta name=\"twitter:label1\" content=\"Temps estimat de lectura\" \/>\n\t<meta name=\"twitter:data1\" content=\"1 minut\" \/>\n<script type=\"application\/ld+json\" class=\"yoast-schema-graph\">{\"@context\":\"https:\/\/schema.org\",\"@graph\":[{\"@type\":\"WebPage\",\"@id\":\"https:\/\/www.fiorentini-iberia.com\/ca\/news\/el-nostre-horari-durant-lagost\/\",\"url\":\"https:\/\/www.fiorentini-iberia.com\/ca\/news\/el-nostre-horari-durant-lagost\/\",\"name\":\"El nostre horari durant l\u2019agost - Pietro Fiorentini\",\"isPartOf\":{\"@id\":\"https:\/\/www.fiorentini-iberia.com\/ca\/#website\"},\"primaryImageOfPage\":{\"@id\":\"https:\/\/www.fiorentini-iberia.com\/ca\/news\/el-nostre-horari-durant-lagost\/#primaryimage\"},\"image\":{\"@id\":\"https:\/\/www.fiorentini-iberia.com\/ca\/news\/el-nostre-horari-durant-lagost\/#primaryimage\"},\"thumbnailUrl\":\"https:\/\/www.fiorentini-iberia.com\/wp-content\/uploads\/2023\/07\/Noticia-Horaris-Estiu-CAT.jpg\",\"datePublished\":\"2023-07-19T14:48:50+00:00\",\"dateModified\":\"2024-04-03T14:57:02+00:00\",\"description\":\"Agost, de dilluns a divendres de 8:00h a 14:00 h.\u00a0Les nostres oficines i el magatzem romandran tancats del 14 al 18 d\u2019agost.\",\"breadcrumb\":{\"@id\":\"https:\/\/www.fiorentini-iberia.com\/ca\/news\/el-nostre-horari-durant-lagost\/#breadcrumb\"},\"inLanguage\":\"ca\",\"potentialAction\":[{\"@type\":\"ReadAction\",\"target\":[\"https:\/\/www.fiorentini-iberia.com\/ca\/news\/el-nostre-horari-durant-lagost\/\"]}]},{\"@type\":\"ImageObject\",\"inLanguage\":\"ca\",\"@id\":\"https:\/\/www.fiorentini-iberia.com\/ca\/news\/el-nostre-horari-durant-lagost\/#primaryimage\",\"url\":\"https:\/\/www.fiorentini-iberia.com\/wp-content\/uploads\/2023\/07\/Noticia-Horaris-Estiu-CAT.jpg\",\"contentUrl\":\"https:\/\/www.fiorentini-iberia.com\/wp-content\/uploads\/2023\/07\/Noticia-Horaris-Estiu-CAT.jpg\",\"width\":1112,\"height\":1090},{\"@type\":\"BreadcrumbList\",\"@id\":\"https:\/\/www.fiorentini-iberia.com\/ca\/news\/el-nostre-horari-durant-lagost\/#breadcrumb\",\"itemListElement\":[{\"@type\":\"ListItem\",\"position\":1,\"name\":\"Home\",\"item\":\"https:\/\/www.fiorentini-iberia.com\/ca\/\"},{\"@type\":\"ListItem\",\"position\":2,\"name\":\"News\",\"item\":\"https:\/\/www.fiorentini-iberia.com\/ca\/news\/\"},{\"@type\":\"ListItem\",\"position\":3,\"name\":\"El nostre horari durant l\u2019agost\"}]},{\"@type\":\"WebSite\",\"@id\":\"https:\/\/www.fiorentini-iberia.com\/ca\/#website\",\"url\":\"https:\/\/www.fiorentini-iberia.com\/ca\/\",\"name\":\"Pietro Fiorentini Iberia\",\"description\":\"Pietro Fiorentini dise\u00f1a y fabrica componentes, sistemas y servicios para la regulaci\u00f3n, medici\u00f3n, gesti\u00f3n de redes de agua, energ\u00edas renovables, petr\u00f3leo y el gas natural, con sistemas adaptados 100% al hidr\u00f3geno.\",\"publisher\":{\"@id\":\"https:\/\/www.fiorentini-iberia.com\/ca\/#organization\"},\"potentialAction\":[{\"@type\":\"SearchAction\",\"target\":{\"@type\":\"EntryPoint\",\"urlTemplate\":\"https:\/\/www.fiorentini-iberia.com\/ca\/?s={search_term_string}\"},\"query-input\":{\"@type\":\"PropertyValueSpecification\",\"valueRequired\":true,\"valueName\":\"search_term_string\"}}],\"inLanguage\":\"ca\"},{\"@type\":\"Organization\",\"@id\":\"https:\/\/www.fiorentini-iberia.com\/ca\/#organization\",\"name\":\"Pietro Fiorentini Iberia\",\"url\":\"https:\/\/www.fiorentini-iberia.com\/ca\/\",\"logo\":{\"@type\":\"ImageObject\",\"inLanguage\":\"ca\",\"@id\":\"https:\/\/www.fiorentini-iberia.com\/ca\/#\/schema\/logo\/image\/\",\"url\":\"https:\/\/www.fiorentini-iberia.com\/wp-content\/uploads\/2020\/11\/logo.svg\",\"contentUrl\":\"https:\/\/www.fiorentini-iberia.com\/wp-content\/uploads\/2020\/11\/logo.svg\",\"width\":227,\"height\":59,\"caption\":\"Pietro Fiorentini Iberia\"},\"image\":{\"@id\":\"https:\/\/www.fiorentini-iberia.com\/ca\/#\/schema\/logo\/image\/\"},\"sameAs\":[\"https:\/\/x.com\/FiorentiniSpa\",\"https:\/\/www.linkedin.com\/company\/pietro-fiorentini-iberia\/\"]}]}<\/script>\n<!-- \/ Yoast SEO plugin. -->","yoast_head_json":{"title":"El nostre horari durant l\u2019agost - Pietro Fiorentini","description":"Agost, de dilluns a divendres de 8:00h a 14:00 h.\u00a0Les nostres oficines i el magatzem romandran tancats del 14 al 18 d\u2019agost.","robots":{"index":"index","follow":"follow","max-snippet":"max-snippet:-1","max-image-preview":"max-image-preview:large","max-video-preview":"max-video-preview:-1"},"canonical":"https:\/\/www.fiorentini-iberia.com\/ca\/news\/el-nostre-horari-durant-lagost\/","og_locale":"ca_ES","og_type":"article","og_title":"El nostre horari durant l\u2019agost - Pietro Fiorentini","og_description":"Agost, de dilluns a divendres de 8:00h a 14:00 h.\u00a0Les nostres oficines i el magatzem romandran tancats del 14 al 18 d\u2019agost.","og_url":"https:\/\/www.fiorentini-iberia.com\/ca\/news\/el-nostre-horari-durant-lagost\/","og_site_name":"Pietro Fiorentini","article_modified_time":"2024-04-03T14:57:02+00:00","og_image":[{"width":1112,"height":1090,"url":"https:\/\/www.fiorentini-iberia.com\/wp-content\/uploads\/2023\/07\/Noticia-Horaris-Estiu-CAT.jpg","type":"image\/jpeg"}],"twitter_card":"summary_large_image","twitter_site":"@FiorentiniSpa","twitter_misc":{"Temps estimat de lectura":"1 minut"},"schema":{"@context":"https:\/\/schema.org","@graph":[{"@type":"WebPage","@id":"https:\/\/www.fiorentini-iberia.com\/ca\/news\/el-nostre-horari-durant-lagost\/","url":"https:\/\/www.fiorentini-iberia.com\/ca\/news\/el-nostre-horari-durant-lagost\/","name":"El nostre horari durant l\u2019agost - Pietro Fiorentini","isPartOf":{"@id":"https:\/\/www.fiorentini-iberia.com\/ca\/#website"},"primaryImageOfPage":{"@id":"https:\/\/www.fiorentini-iberia.com\/ca\/news\/el-nostre-horari-durant-lagost\/#primaryimage"},"image":{"@id":"https:\/\/www.fiorentini-iberia.com\/ca\/news\/el-nostre-horari-durant-lagost\/#primaryimage"},"thumbnailUrl":"https:\/\/www.fiorentini-iberia.com\/wp-content\/uploads\/2023\/07\/Noticia-Horaris-Estiu-CAT.jpg","datePublished":"2023-07-19T14:48:50+00:00","dateModified":"2024-04-03T14:57:02+00:00","description":"Agost, de dilluns a divendres de 8:00h a 14:00 h.\u00a0Les nostres oficines i el magatzem romandran tancats del 14 al 18 d\u2019agost.","breadcrumb":{"@id":"https:\/\/www.fiorentini-iberia.com\/ca\/news\/el-nostre-horari-durant-lagost\/#breadcrumb"},"inLanguage":"ca","potentialAction":[{"@type":"ReadAction","target":["https:\/\/www.fiorentini-iberia.com\/ca\/news\/el-nostre-horari-durant-lagost\/"]}]},{"@type":"ImageObject","inLanguage":"ca","@id":"https:\/\/www.fiorentini-iberia.com\/ca\/news\/el-nostre-horari-durant-lagost\/#primaryimage","url":"https:\/\/www.fiorentini-iberia.com\/wp-content\/uploads\/2023\/07\/Noticia-Horaris-Estiu-CAT.jpg","contentUrl":"https:\/\/www.fiorentini-iberia.com\/wp-content\/uploads\/2023\/07\/Noticia-Horaris-Estiu-CAT.jpg","width":1112,"height":1090},{"@type":"BreadcrumbList","@id":"https:\/\/www.fiorentini-iberia.com\/ca\/news\/el-nostre-horari-durant-lagost\/#breadcrumb","itemListElement":[{"@type":"ListItem","position":1,"name":"Home","item":"https:\/\/www.fiorentini-iberia.com\/ca\/"},{"@type":"ListItem","position":2,"name":"News","item":"https:\/\/www.fiorentini-iberia.com\/ca\/news\/"},{"@type":"ListItem","position":3,"name":"El nostre horari durant l\u2019agost"}]},{"@type":"WebSite","@id":"https:\/\/www.fiorentini-iberia.com\/ca\/#website","url":"https:\/\/www.fiorentini-iberia.com\/ca\/","name":"Pietro Fiorentini Iberia","description":"Pietro Fiorentini dise\u00f1a y fabrica componentes, sistemas y servicios para la regulaci\u00f3n, medici\u00f3n, gesti\u00f3n de redes de agua, energ\u00edas renovables, petr\u00f3leo y el gas natural, con sistemas adaptados 100% al hidr\u00f3geno.","publisher":{"@id":"https:\/\/www.fiorentini-iberia.com\/ca\/#organization"},"potentialAction":[{"@type":"SearchAction","target":{"@type":"EntryPoint","urlTemplate":"https:\/\/www.fiorentini-iberia.com\/ca\/?s={search_term_string}"},"query-input":{"@type":"PropertyValueSpecification","valueRequired":true,"valueName":"search_term_string"}}],"inLanguage":"ca"},{"@type":"Organization","@id":"https:\/\/www.fiorentini-iberia.com\/ca\/#organization","name":"Pietro Fiorentini Iberia","url":"https:\/\/www.fiorentini-iberia.com\/ca\/","logo":{"@type":"ImageObject","inLanguage":"ca","@id":"https:\/\/www.fiorentini-iberia.com\/ca\/#\/schema\/logo\/image\/","url":"https:\/\/www.fiorentini-iberia.com\/wp-content\/uploads\/2020\/11\/logo.svg","contentUrl":"https:\/\/www.fiorentini-iberia.com\/wp-content\/uploads\/2020\/11\/logo.svg","width":227,"height":59,"caption":"Pietro Fiorentini Iberia"},"image":{"@id":"https:\/\/www.fiorentini-iberia.com\/ca\/#\/schema\/logo\/image\/"},"sameAs":["https:\/\/x.com\/FiorentiniSpa","https:\/\/www.linkedin.com\/company\/pietro-fiorentini-iberia\/"]}]}},"_links":{"self":[{"href":"https:\/\/www.fiorentini-iberia.com\/ca\/wp-json\/wp\/v2\/news\/50870","targetHints":{"allow":["GET"]}}],"collection":[{"href":"https:\/\/www.fiorentini-iberia.com\/ca\/wp-json\/wp\/v2\/news"}],"about":[{"href":"https:\/\/www.fiorentini-iberia.com\/ca\/wp-json\/wp\/v2\/types\/news"}],"wp:featuredmedia":[{"embeddable":true,"href":"https:\/\/www.fiorentini-iberia.com\/ca\/wp-json\/wp\/v2\/media\/50867"}],"wp:attachment":[{"href":"https:\/\/www.fiorentini-iberia.com\/ca\/wp-json\/wp\/v2\/media?parent=50870"}],"wp:term":[{"taxonomy":"post_tag","embeddable":true,"href":"https:\/\/www.fiorentini-iberia.com\/ca\/wp-json\/wp\/v2\/tags?post=50870"}],"curies":[{"name":"wp","href":"https:\/\/api.w.org\/{rel}","templated":true}]}}