{"id":50993,"date":"2023-11-03T16:40:26","date_gmt":"2023-11-03T15:40:26","guid":{"rendered":"https:\/\/www.fiorentini-iberia.com\/news\/pietro-fiorentini-iberia-en-la-feria-ecomondo-en-rimini\/"},"modified":"2024-04-04T10:24:38","modified_gmt":"2024-04-04T08:24:38","slug":"pietro-fiorentini-iberia-a-lexposicio-ecomondo-a-rimini","status":"publish","type":"news","link":"https:\/\/www.fiorentini-iberia.com\/ca\/news\/pietro-fiorentini-iberia-a-lexposicio-ecomondo-a-rimini\/","title":{"rendered":"Pietro Fiorentini Iberia a l\u2019exposici\u00f3 ECOMONDO a Rimini\u00a0"},"content":{"rendered":"\n<p><strong>Pietro Fiorentini Iberia<\/strong> estar\u00e0 present a <a href=\"https:\/\/en.ecomondo.com\/\" target=\"_blank\" rel=\"noreferrer noopener\"><strong>ECOMONDO<\/strong><\/a><strong>, <\/strong>la fira de tecnologies verdes que tindr\u00e0 lloc a Rimini, It\u00e0lia <strong>, del 7 al 10 de novembre<\/strong>.<br>\u00a0<br><strong>Pietro Fiorentini<\/strong> presentar\u00e0 les solucions d\u2019energia renovable del Grup:<br>\u00a0<\/p>\n\n\n\n<ul class=\"wp-block-list\">\n<li><strong><a href=\"https:\/\/www.fiorentini-iberia.com\/ca\/grup-pietro-fiorentini\/empreses-i-marques-del-grup-pietro-fiorentini\/#biokomp\">Biokomp<\/a><\/strong>: sistemes complets per la compressi\u00f3 i el tractament de met\u00e0, biog\u00e0s, biomet\u00e0 i gasos de processos industrials.<\/li>\n\n\n\n<li><strong><a href=\"https:\/\/www.fiorentini-iberia.com\/ca\/grup-pietro-fiorentini\/empreses-i-marques-del-grup-pietro-fiorentini\/#hyter\">Hyter<\/a><\/strong>: fabricant d\u2019electrolitzadors d\u2019hidrogen i de c\u00e8l\u00b7lules electrol\u00edtiques.<\/li>\n\n\n\n<li><strong><a href=\"https:\/\/www.fiorentini-iberia.com\/ca\/grup-pietro-fiorentini\/empreses-i-marques-del-grup-pietro-fiorentini\/#micropyros\">Micropyros<\/a><\/strong>: metanitzaci\u00f3 biol\u00f2gica i solucions P2G.<\/li>\n\n\n\n<li><strong><a href=\"https:\/\/www.fiorentini-iberia.com\/ca\/grup-pietro-fiorentini\/empreses-i-marques-del-grup-pietro-fiorentini\/#add-synergy\">ADD Synergy<\/a><\/strong>: solucions d\u2019enginyeria i fabricaci\u00f3 per plantes de liq\u00fcefacci\u00f3 \u00a0(BIOGNL\/LBM, LCO2), destil\u00b7laci\u00f3, regasificaci\u00f3, estacions de re-abastiment de gas natural o de biog\u00e0s tractat i crio-processament.<\/li>\n\n\n\n<li><strong><a href=\"https:\/\/www.fiorentini-iberia.com\/ca\/grup-pietro-fiorentini\/empreses-i-marques-del-grup-pietro-fiorentini\/#systems\">PF Systems Department<\/a><\/strong>: integrador de sistemes per oferir solucions claus en m\u00e0, modernitzaci\u00f3 i fabricaci\u00f3 de plantes de bio-metanitzaci\u00f3.<br>\u00a0<\/li>\n<\/ul>\n\n\n\n<p><a href=\"https:\/\/en.ecomondo.com\/\" target=\"_blank\" rel=\"noreferrer noopener\"><strong>ECOMONDO<\/strong><\/a> \u00e9s un <strong>esdeveniment internacional de refer\u00e8ncia a Europa i al Mediterrani<\/strong> per tecnologies, serveis i solucions industrials als sectors de l\u2019economia verda i circular. Acull les \u00a0<strong>empreses l\u00edder<\/strong> en serveis, solucions i tecnologies ambientals, que cobreixen la gesti\u00f3 de l\u2019aigua, la eliminaci\u00f3 de residus, els t\u00e8xtils, la bioenergia, la gesti\u00f3 i protecci\u00f3 del s\u00f2l, el transport, l\u2019agricultura i les ciutats sostenibles.<\/p>\n","protected":false},"excerpt":{"rendered":"<p>Pietro Fiorentini Ib\u00e8ria estar\u00e0 present a ECOMONDO, la fira de tecnologies verdes que tindr\u00e0 lloc a Rimini, It\u00e0lia , del 7 al 10 de novembre.<\/p>\n","protected":false},"featured_media":50997,"parent":0,"menu_order":0,"template":"","format":"standard","meta":{"_acf_changed":false,"inline_featured_image":false},"tags":[],"class_list":["post-50993","news","type-news","status-publish","format-standard","has-post-thumbnail","hentry","news_categories-corporatiu","news_categories-solucions"],"acf":[],"yoast_head":"<!-- This site is optimized with the Yoast SEO plugin v27.2 - https:\/\/yoast.com\/product\/yoast-seo-wordpress\/ -->\n<title>Pietro Fiorentini Iberia a l\u2019exposici\u00f3 ECOMONDO a Rimini\u00a0 - Pietro Fiorentini<\/title>\n<meta name=\"description\" content=\"Pietro Fiorentini Ib\u00e8ria estar\u00e0 present a ECOMONDO, la fira de tecnologies verdes que tindr\u00e0 lloc a Rimini, It\u00e0lia , del 7 al 10 de novembre.\" \/>\n<meta name=\"robots\" content=\"index, follow, max-snippet:-1, max-image-preview:large, max-video-preview:-1\" \/>\n<link rel=\"canonical\" href=\"https:\/\/www.fiorentini-iberia.com\/ca\/news\/pietro-fiorentini-iberia-a-lexposicio-ecomondo-a-rimini\/\" \/>\n<meta property=\"og:locale\" content=\"ca_ES\" \/>\n<meta property=\"og:type\" content=\"article\" \/>\n<meta property=\"og:title\" content=\"Pietro Fiorentini Iberia a l\u2019exposici\u00f3 ECOMONDO a Rimini\u00a0 - Pietro Fiorentini\" \/>\n<meta property=\"og:description\" content=\"Pietro Fiorentini Ib\u00e8ria estar\u00e0 present a ECOMONDO, la fira de tecnologies verdes que tindr\u00e0 lloc a Rimini, It\u00e0lia , del 7 al 10 de novembre.\" \/>\n<meta property=\"og:url\" content=\"https:\/\/www.fiorentini-iberia.com\/ca\/news\/pietro-fiorentini-iberia-a-lexposicio-ecomondo-a-rimini\/\" \/>\n<meta property=\"og:site_name\" content=\"Pietro Fiorentini\" \/>\n<meta property=\"article:modified_time\" content=\"2024-04-04T08:24:38+00:00\" \/>\n<meta property=\"og:image\" content=\"https:\/\/www.fiorentini-iberia.com\/wp-content\/uploads\/2023\/11\/Noticia-ECOMONDO-CAT.jpg\" \/>\n\t<meta property=\"og:image:width\" content=\"970\" \/>\n\t<meta property=\"og:image:height\" content=\"1020\" \/>\n\t<meta property=\"og:image:type\" content=\"image\/jpeg\" \/>\n<meta name=\"twitter:card\" content=\"summary_large_image\" \/>\n<meta name=\"twitter:site\" content=\"@FiorentiniSpa\" \/>\n<meta name=\"twitter:label1\" content=\"Temps estimat de lectura\" \/>\n\t<meta name=\"twitter:data1\" content=\"1 minut\" \/>\n<script type=\"application\/ld+json\" class=\"yoast-schema-graph\">{\"@context\":\"https:\/\/schema.org\",\"@graph\":[{\"@type\":\"WebPage\",\"@id\":\"https:\/\/www.fiorentini-iberia.com\/ca\/news\/pietro-fiorentini-iberia-a-lexposicio-ecomondo-a-rimini\/\",\"url\":\"https:\/\/www.fiorentini-iberia.com\/ca\/news\/pietro-fiorentini-iberia-a-lexposicio-ecomondo-a-rimini\/\",\"name\":\"Pietro Fiorentini Iberia a l\u2019exposici\u00f3 ECOMONDO a Rimini\u00a0 - Pietro Fiorentini\",\"isPartOf\":{\"@id\":\"https:\/\/www.fiorentini-iberia.com\/ca\/#website\"},\"primaryImageOfPage\":{\"@id\":\"https:\/\/www.fiorentini-iberia.com\/ca\/news\/pietro-fiorentini-iberia-a-lexposicio-ecomondo-a-rimini\/#primaryimage\"},\"image\":{\"@id\":\"https:\/\/www.fiorentini-iberia.com\/ca\/news\/pietro-fiorentini-iberia-a-lexposicio-ecomondo-a-rimini\/#primaryimage\"},\"thumbnailUrl\":\"https:\/\/www.fiorentini-iberia.com\/wp-content\/uploads\/2023\/11\/Noticia-ECOMONDO-CAT.jpg\",\"datePublished\":\"2023-11-03T15:40:26+00:00\",\"dateModified\":\"2024-04-04T08:24:38+00:00\",\"description\":\"Pietro Fiorentini Ib\u00e8ria estar\u00e0 present a ECOMONDO, la fira de tecnologies verdes que tindr\u00e0 lloc a Rimini, It\u00e0lia , del 7 al 10 de novembre.\",\"breadcrumb\":{\"@id\":\"https:\/\/www.fiorentini-iberia.com\/ca\/news\/pietro-fiorentini-iberia-a-lexposicio-ecomondo-a-rimini\/#breadcrumb\"},\"inLanguage\":\"ca\",\"potentialAction\":[{\"@type\":\"ReadAction\",\"target\":[\"https:\/\/www.fiorentini-iberia.com\/ca\/news\/pietro-fiorentini-iberia-a-lexposicio-ecomondo-a-rimini\/\"]}]},{\"@type\":\"ImageObject\",\"inLanguage\":\"ca\",\"@id\":\"https:\/\/www.fiorentini-iberia.com\/ca\/news\/pietro-fiorentini-iberia-a-lexposicio-ecomondo-a-rimini\/#primaryimage\",\"url\":\"https:\/\/www.fiorentini-iberia.com\/wp-content\/uploads\/2023\/11\/Noticia-ECOMONDO-CAT.jpg\",\"contentUrl\":\"https:\/\/www.fiorentini-iberia.com\/wp-content\/uploads\/2023\/11\/Noticia-ECOMONDO-CAT.jpg\",\"width\":970,\"height\":1020},{\"@type\":\"BreadcrumbList\",\"@id\":\"https:\/\/www.fiorentini-iberia.com\/ca\/news\/pietro-fiorentini-iberia-a-lexposicio-ecomondo-a-rimini\/#breadcrumb\",\"itemListElement\":[{\"@type\":\"ListItem\",\"position\":1,\"name\":\"Home\",\"item\":\"https:\/\/www.fiorentini-iberia.com\/ca\/\"},{\"@type\":\"ListItem\",\"position\":2,\"name\":\"News\",\"item\":\"https:\/\/www.fiorentini-iberia.com\/ca\/news\/\"},{\"@type\":\"ListItem\",\"position\":3,\"name\":\"Pietro Fiorentini Iberia a l\u2019exposici\u00f3 ECOMONDO a Rimini\u00a0\"}]},{\"@type\":\"WebSite\",\"@id\":\"https:\/\/www.fiorentini-iberia.com\/ca\/#website\",\"url\":\"https:\/\/www.fiorentini-iberia.com\/ca\/\",\"name\":\"Pietro Fiorentini Iberia\",\"description\":\"Pietro Fiorentini dise\u00f1a y fabrica componentes, sistemas y servicios para la regulaci\u00f3n, medici\u00f3n, gesti\u00f3n de redes de agua, energ\u00edas renovables, petr\u00f3leo y el gas natural, con sistemas adaptados 100% al hidr\u00f3geno.\",\"publisher\":{\"@id\":\"https:\/\/www.fiorentini-iberia.com\/ca\/#organization\"},\"potentialAction\":[{\"@type\":\"SearchAction\",\"target\":{\"@type\":\"EntryPoint\",\"urlTemplate\":\"https:\/\/www.fiorentini-iberia.com\/ca\/?s={search_term_string}\"},\"query-input\":{\"@type\":\"PropertyValueSpecification\",\"valueRequired\":true,\"valueName\":\"search_term_string\"}}],\"inLanguage\":\"ca\"},{\"@type\":\"Organization\",\"@id\":\"https:\/\/www.fiorentini-iberia.com\/ca\/#organization\",\"name\":\"Pietro Fiorentini Iberia\",\"url\":\"https:\/\/www.fiorentini-iberia.com\/ca\/\",\"logo\":{\"@type\":\"ImageObject\",\"inLanguage\":\"ca\",\"@id\":\"https:\/\/www.fiorentini-iberia.com\/ca\/#\/schema\/logo\/image\/\",\"url\":\"https:\/\/www.fiorentini-iberia.com\/wp-content\/uploads\/2020\/11\/logo.svg\",\"contentUrl\":\"https:\/\/www.fiorentini-iberia.com\/wp-content\/uploads\/2020\/11\/logo.svg\",\"width\":227,\"height\":59,\"caption\":\"Pietro Fiorentini Iberia\"},\"image\":{\"@id\":\"https:\/\/www.fiorentini-iberia.com\/ca\/#\/schema\/logo\/image\/\"},\"sameAs\":[\"https:\/\/x.com\/FiorentiniSpa\",\"https:\/\/www.linkedin.com\/company\/pietro-fiorentini-iberia\/\"]}]}<\/script>\n<!-- \/ Yoast SEO plugin. -->","yoast_head_json":{"title":"Pietro Fiorentini Iberia a l\u2019exposici\u00f3 ECOMONDO a Rimini\u00a0 - Pietro Fiorentini","description":"Pietro Fiorentini Ib\u00e8ria estar\u00e0 present a ECOMONDO, la fira de tecnologies verdes que tindr\u00e0 lloc a Rimini, It\u00e0lia , del 7 al 10 de novembre.","robots":{"index":"index","follow":"follow","max-snippet":"max-snippet:-1","max-image-preview":"max-image-preview:large","max-video-preview":"max-video-preview:-1"},"canonical":"https:\/\/www.fiorentini-iberia.com\/ca\/news\/pietro-fiorentini-iberia-a-lexposicio-ecomondo-a-rimini\/","og_locale":"ca_ES","og_type":"article","og_title":"Pietro Fiorentini Iberia a l\u2019exposici\u00f3 ECOMONDO a Rimini\u00a0 - Pietro Fiorentini","og_description":"Pietro Fiorentini Ib\u00e8ria estar\u00e0 present a ECOMONDO, la fira de tecnologies verdes que tindr\u00e0 lloc a Rimini, It\u00e0lia , del 7 al 10 de novembre.","og_url":"https:\/\/www.fiorentini-iberia.com\/ca\/news\/pietro-fiorentini-iberia-a-lexposicio-ecomondo-a-rimini\/","og_site_name":"Pietro Fiorentini","article_modified_time":"2024-04-04T08:24:38+00:00","og_image":[{"width":970,"height":1020,"url":"https:\/\/www.fiorentini-iberia.com\/wp-content\/uploads\/2023\/11\/Noticia-ECOMONDO-CAT.jpg","type":"image\/jpeg"}],"twitter_card":"summary_large_image","twitter_site":"@FiorentiniSpa","twitter_misc":{"Temps estimat de lectura":"1 minut"},"schema":{"@context":"https:\/\/schema.org","@graph":[{"@type":"WebPage","@id":"https:\/\/www.fiorentini-iberia.com\/ca\/news\/pietro-fiorentini-iberia-a-lexposicio-ecomondo-a-rimini\/","url":"https:\/\/www.fiorentini-iberia.com\/ca\/news\/pietro-fiorentini-iberia-a-lexposicio-ecomondo-a-rimini\/","name":"Pietro Fiorentini Iberia a l\u2019exposici\u00f3 ECOMONDO a Rimini\u00a0 - Pietro Fiorentini","isPartOf":{"@id":"https:\/\/www.fiorentini-iberia.com\/ca\/#website"},"primaryImageOfPage":{"@id":"https:\/\/www.fiorentini-iberia.com\/ca\/news\/pietro-fiorentini-iberia-a-lexposicio-ecomondo-a-rimini\/#primaryimage"},"image":{"@id":"https:\/\/www.fiorentini-iberia.com\/ca\/news\/pietro-fiorentini-iberia-a-lexposicio-ecomondo-a-rimini\/#primaryimage"},"thumbnailUrl":"https:\/\/www.fiorentini-iberia.com\/wp-content\/uploads\/2023\/11\/Noticia-ECOMONDO-CAT.jpg","datePublished":"2023-11-03T15:40:26+00:00","dateModified":"2024-04-04T08:24:38+00:00","description":"Pietro Fiorentini Ib\u00e8ria estar\u00e0 present a ECOMONDO, la fira de tecnologies verdes que tindr\u00e0 lloc a Rimini, It\u00e0lia , del 7 al 10 de novembre.","breadcrumb":{"@id":"https:\/\/www.fiorentini-iberia.com\/ca\/news\/pietro-fiorentini-iberia-a-lexposicio-ecomondo-a-rimini\/#breadcrumb"},"inLanguage":"ca","potentialAction":[{"@type":"ReadAction","target":["https:\/\/www.fiorentini-iberia.com\/ca\/news\/pietro-fiorentini-iberia-a-lexposicio-ecomondo-a-rimini\/"]}]},{"@type":"ImageObject","inLanguage":"ca","@id":"https:\/\/www.fiorentini-iberia.com\/ca\/news\/pietro-fiorentini-iberia-a-lexposicio-ecomondo-a-rimini\/#primaryimage","url":"https:\/\/www.fiorentini-iberia.com\/wp-content\/uploads\/2023\/11\/Noticia-ECOMONDO-CAT.jpg","contentUrl":"https:\/\/www.fiorentini-iberia.com\/wp-content\/uploads\/2023\/11\/Noticia-ECOMONDO-CAT.jpg","width":970,"height":1020},{"@type":"BreadcrumbList","@id":"https:\/\/www.fiorentini-iberia.com\/ca\/news\/pietro-fiorentini-iberia-a-lexposicio-ecomondo-a-rimini\/#breadcrumb","itemListElement":[{"@type":"ListItem","position":1,"name":"Home","item":"https:\/\/www.fiorentini-iberia.com\/ca\/"},{"@type":"ListItem","position":2,"name":"News","item":"https:\/\/www.fiorentini-iberia.com\/ca\/news\/"},{"@type":"ListItem","position":3,"name":"Pietro Fiorentini Iberia a l\u2019exposici\u00f3 ECOMONDO a Rimini\u00a0"}]},{"@type":"WebSite","@id":"https:\/\/www.fiorentini-iberia.com\/ca\/#website","url":"https:\/\/www.fiorentini-iberia.com\/ca\/","name":"Pietro Fiorentini Iberia","description":"Pietro Fiorentini dise\u00f1a y fabrica componentes, sistemas y servicios para la regulaci\u00f3n, medici\u00f3n, gesti\u00f3n de redes de agua, energ\u00edas renovables, petr\u00f3leo y el gas natural, con sistemas adaptados 100% al hidr\u00f3geno.","publisher":{"@id":"https:\/\/www.fiorentini-iberia.com\/ca\/#organization"},"potentialAction":[{"@type":"SearchAction","target":{"@type":"EntryPoint","urlTemplate":"https:\/\/www.fiorentini-iberia.com\/ca\/?s={search_term_string}"},"query-input":{"@type":"PropertyValueSpecification","valueRequired":true,"valueName":"search_term_string"}}],"inLanguage":"ca"},{"@type":"Organization","@id":"https:\/\/www.fiorentini-iberia.com\/ca\/#organization","name":"Pietro Fiorentini Iberia","url":"https:\/\/www.fiorentini-iberia.com\/ca\/","logo":{"@type":"ImageObject","inLanguage":"ca","@id":"https:\/\/www.fiorentini-iberia.com\/ca\/#\/schema\/logo\/image\/","url":"https:\/\/www.fiorentini-iberia.com\/wp-content\/uploads\/2020\/11\/logo.svg","contentUrl":"https:\/\/www.fiorentini-iberia.com\/wp-content\/uploads\/2020\/11\/logo.svg","width":227,"height":59,"caption":"Pietro Fiorentini Iberia"},"image":{"@id":"https:\/\/www.fiorentini-iberia.com\/ca\/#\/schema\/logo\/image\/"},"sameAs":["https:\/\/x.com\/FiorentiniSpa","https:\/\/www.linkedin.com\/company\/pietro-fiorentini-iberia\/"]}]}},"_links":{"self":[{"href":"https:\/\/www.fiorentini-iberia.com\/ca\/wp-json\/wp\/v2\/news\/50993","targetHints":{"allow":["GET"]}}],"collection":[{"href":"https:\/\/www.fiorentini-iberia.com\/ca\/wp-json\/wp\/v2\/news"}],"about":[{"href":"https:\/\/www.fiorentini-iberia.com\/ca\/wp-json\/wp\/v2\/types\/news"}],"wp:featuredmedia":[{"embeddable":true,"href":"https:\/\/www.fiorentini-iberia.com\/ca\/wp-json\/wp\/v2\/media\/50997"}],"wp:attachment":[{"href":"https:\/\/www.fiorentini-iberia.com\/ca\/wp-json\/wp\/v2\/media?parent=50993"}],"wp:term":[{"taxonomy":"post_tag","embeddable":true,"href":"https:\/\/www.fiorentini-iberia.com\/ca\/wp-json\/wp\/v2\/tags?post=50993"}],"curies":[{"name":"wp","href":"https:\/\/api.w.org\/{rel}","templated":true}]}}