{"id":51022,"date":"2023-12-13T11:07:15","date_gmt":"2023-12-13T10:07:15","guid":{"rendered":"https:\/\/www.fiorentini-iberia.com\/news\/lanzamos-nuestra-pagina-web-en-portugues\/"},"modified":"2024-04-04T11:18:09","modified_gmt":"2024-04-04T09:18:09","slug":"llancem-la-nostra-pagina-web-en-portugues","status":"publish","type":"news","link":"https:\/\/www.fiorentini-iberia.com\/ca\/news\/llancem-la-nostra-pagina-web-en-portugues\/","title":{"rendered":"Llancem la nostra p\u00e0gina web en portugu\u00e8s"},"content":{"rendered":"\n<p><strong>Pietro Fiorentini Iberia<\/strong> t\u00e9 el plaer d&#8217;informar-los de l&#8217;<strong>estrena de la versi\u00f3 portuguesa del seu web<\/strong>, seleccionable des d&#8217;ara en el men\u00fa superior d&#8217;idiomes.<br>\u00a0<\/p>\n\n\n\n<p>Com <strong>Pietro Fiorentini Ib\u00e8ria<\/strong>, tenim la responsabilitat d&#8217;estar <strong>prop dels nostres clients,<\/strong> i d&#8217;aquesta manera, fer-los arribar <strong>tota la informaci\u00f3 de la manera m\u00e9s clara i precisa possible<\/strong>.<br>\u00a0<\/p>\n\n\n\n<p>Descobreixi l&#8217;univers de possibilitats que\u00a0Pietro\u00a0Fiorentini\u00a0Ib\u00e8ria li ofereix, ara, tamb\u00e9 en portugu\u00e8s: <strong><a href=\"https:\/\/www.fiorentini-iberia.com\/ca\/category\/solucions\/productes\" target=\"_blank\" rel=\"noreferrer noopener\">productes<\/a><\/strong>, <strong><a href=\"https:\/\/www.fiorentini-iberia.com\/ca\/grup-pietro-fiorentini\/\" target=\"_blank\" rel=\"noreferrer noopener\">sistemes<\/a><\/strong>, <strong><a href=\"https:\/\/www.fiorentini-iberia.com\/ca\/category\/solucions\/sistemes\/energies-renovables\/\" target=\"_blank\" rel=\"noreferrer noopener\">energies renovables<\/a><\/strong>, <strong><a href=\"https:\/\/www.fiorentini-iberia.com\/ca\/category\/solucions\/serveis\/\" target=\"_blank\" rel=\"noreferrer noopener\">serveis<\/a><\/strong>, <a href=\"https:\/\/www.fiorentini-iberia.com\/ca\/news\/\" target=\"_blank\" rel=\"noreferrer noopener\"><strong>not\u00edcies<\/strong><\/a>, <strong><a href=\"https:\/\/www.fiorentini-iberia.com\/ca\/contacte\/\">contactes<\/a><\/strong> i <strong><a href=\"https:\/\/www.fiorentini-iberia.com\/ca\/grup-pietro-fiorentini\/\">molt m\u00e9s<\/a><\/strong>.<br>\u00a0<br>\u00a0<\/p>\n\n\n\n<div class=\"wp-block-buttons is-layout-flex wp-block-buttons-is-layout-flex\">\n<div class=\"wp-block-button has-custom-font-size is-style-fill\" style=\"font-size:18px\"><a class=\"wp-block-button__link has-background wp-element-button\" href=\"https:\/\/www.fiorentini-iberia.com\/pt\" style=\"border-radius:0px;background-color:#199883\" target=\"_blank\" rel=\"noreferrer noopener\"><strong>Visita aqu\u00ed Pietro Fiorentini Ib\u00e8ria en portugu\u00e8s<\/strong><\/a><\/div>\n<\/div>\n\n\n\n<p class=\"has-text-color has-link-color wp-elements-cffb0537723ac607954aa0aaa6a3293e\" style=\"color:#199883;font-size:25px\">\u00a0<br>\u00a0<br><strong>Portugal, et donem la benvinguda a l&#8217;univers Pietro Fiorentini Ib\u00e8ria.<\/strong><\/p>\n","protected":false},"excerpt":{"rendered":"<p>Pietro Fiorentini Ib\u00e8ria t\u00e9 el plaer d&#8217;informar-los de l&#8217;estrena de la versi\u00f3 portuguesa del seu web, seleccionable des d&#8217;ara en el men\u00fa superior d&#8217;idiomes.<\/p>\n","protected":false},"featured_media":51023,"parent":0,"menu_order":0,"template":"","format":"standard","meta":{"_acf_changed":false,"inline_featured_image":false},"tags":[],"class_list":["post-51022","news","type-news","status-publish","format-standard","has-post-thumbnail","hentry","news_categories-corporatiu"],"acf":[],"yoast_head":"<!-- This site is optimized with the Yoast SEO plugin v27.2 - https:\/\/yoast.com\/product\/yoast-seo-wordpress\/ -->\n<title>Web Pietro Fiorentini en portugu\u00e8s - Pietro Fiorentini<\/title>\n<meta name=\"description\" content=\"Pietro Fiorentini Ib\u00e8ria t\u00e9 el plaer d&#039;informar-los de l&#039;estrena de la versi\u00f3 portuguesa del seu web.\" \/>\n<meta name=\"robots\" content=\"index, follow, max-snippet:-1, max-image-preview:large, max-video-preview:-1\" \/>\n<link rel=\"canonical\" href=\"https:\/\/www.fiorentini-iberia.com\/ca\/news\/llancem-la-nostra-pagina-web-en-portugues\/\" \/>\n<meta property=\"og:locale\" content=\"ca_ES\" \/>\n<meta property=\"og:type\" content=\"article\" \/>\n<meta property=\"og:title\" content=\"Web Pietro Fiorentini en portugu\u00e8s - Pietro Fiorentini\" \/>\n<meta property=\"og:description\" content=\"Pietro Fiorentini Ib\u00e8ria t\u00e9 el plaer d&#039;informar-los de l&#039;estrena de la versi\u00f3 portuguesa del seu web.\" \/>\n<meta property=\"og:url\" content=\"https:\/\/www.fiorentini-iberia.com\/ca\/news\/llancem-la-nostra-pagina-web-en-portugues\/\" \/>\n<meta property=\"og:site_name\" content=\"Pietro Fiorentini\" \/>\n<meta property=\"article:modified_time\" content=\"2024-04-04T09:18:09+00:00\" \/>\n<meta property=\"og:image\" content=\"https:\/\/www.fiorentini-iberia.com\/wp-content\/uploads\/2023\/12\/Noticia-web-en-portugues.jpg\" \/>\n\t<meta property=\"og:image:width\" content=\"970\" \/>\n\t<meta property=\"og:image:height\" content=\"1020\" \/>\n\t<meta property=\"og:image:type\" content=\"image\/jpeg\" \/>\n<meta name=\"twitter:card\" content=\"summary_large_image\" \/>\n<meta name=\"twitter:site\" content=\"@FiorentiniSpa\" \/>\n<meta name=\"twitter:label1\" content=\"Temps estimat de lectura\" \/>\n\t<meta name=\"twitter:data1\" content=\"1 minut\" \/>\n<script type=\"application\/ld+json\" class=\"yoast-schema-graph\">{\"@context\":\"https:\/\/schema.org\",\"@graph\":[{\"@type\":\"WebPage\",\"@id\":\"https:\/\/www.fiorentini-iberia.com\/ca\/news\/llancem-la-nostra-pagina-web-en-portugues\/\",\"url\":\"https:\/\/www.fiorentini-iberia.com\/ca\/news\/llancem-la-nostra-pagina-web-en-portugues\/\",\"name\":\"Web Pietro Fiorentini en portugu\u00e8s - Pietro Fiorentini\",\"isPartOf\":{\"@id\":\"https:\/\/www.fiorentini-iberia.com\/ca\/#website\"},\"primaryImageOfPage\":{\"@id\":\"https:\/\/www.fiorentini-iberia.com\/ca\/news\/llancem-la-nostra-pagina-web-en-portugues\/#primaryimage\"},\"image\":{\"@id\":\"https:\/\/www.fiorentini-iberia.com\/ca\/news\/llancem-la-nostra-pagina-web-en-portugues\/#primaryimage\"},\"thumbnailUrl\":\"https:\/\/www.fiorentini-iberia.com\/wp-content\/uploads\/2023\/12\/Noticia-web-en-portugues.jpg\",\"datePublished\":\"2023-12-13T10:07:15+00:00\",\"dateModified\":\"2024-04-04T09:18:09+00:00\",\"description\":\"Pietro Fiorentini Ib\u00e8ria t\u00e9 el plaer d'informar-los de l'estrena de la versi\u00f3 portuguesa del seu web.\",\"breadcrumb\":{\"@id\":\"https:\/\/www.fiorentini-iberia.com\/ca\/news\/llancem-la-nostra-pagina-web-en-portugues\/#breadcrumb\"},\"inLanguage\":\"ca\",\"potentialAction\":[{\"@type\":\"ReadAction\",\"target\":[\"https:\/\/www.fiorentini-iberia.com\/ca\/news\/llancem-la-nostra-pagina-web-en-portugues\/\"]}]},{\"@type\":\"ImageObject\",\"inLanguage\":\"ca\",\"@id\":\"https:\/\/www.fiorentini-iberia.com\/ca\/news\/llancem-la-nostra-pagina-web-en-portugues\/#primaryimage\",\"url\":\"https:\/\/www.fiorentini-iberia.com\/wp-content\/uploads\/2023\/12\/Noticia-web-en-portugues.jpg\",\"contentUrl\":\"https:\/\/www.fiorentini-iberia.com\/wp-content\/uploads\/2023\/12\/Noticia-web-en-portugues.jpg\",\"width\":970,\"height\":1020,\"caption\":\"Pietro Fiorentini Iberia is pleased to inform you of the launch of the Portuguese version of its website, which can now be selected from the top language menu.\"},{\"@type\":\"BreadcrumbList\",\"@id\":\"https:\/\/www.fiorentini-iberia.com\/ca\/news\/llancem-la-nostra-pagina-web-en-portugues\/#breadcrumb\",\"itemListElement\":[{\"@type\":\"ListItem\",\"position\":1,\"name\":\"Home\",\"item\":\"https:\/\/www.fiorentini-iberia.com\/ca\/\"},{\"@type\":\"ListItem\",\"position\":2,\"name\":\"News\",\"item\":\"https:\/\/www.fiorentini-iberia.com\/ca\/news\/\"},{\"@type\":\"ListItem\",\"position\":3,\"name\":\"Llancem la nostra p\u00e0gina web en portugu\u00e8s\"}]},{\"@type\":\"WebSite\",\"@id\":\"https:\/\/www.fiorentini-iberia.com\/ca\/#website\",\"url\":\"https:\/\/www.fiorentini-iberia.com\/ca\/\",\"name\":\"Pietro Fiorentini Iberia\",\"description\":\"Pietro Fiorentini dise\u00f1a y fabrica componentes, sistemas y servicios para la regulaci\u00f3n, medici\u00f3n, gesti\u00f3n de redes de agua, energ\u00edas renovables, petr\u00f3leo y el gas natural, con sistemas adaptados 100% al hidr\u00f3geno.\",\"publisher\":{\"@id\":\"https:\/\/www.fiorentini-iberia.com\/ca\/#organization\"},\"potentialAction\":[{\"@type\":\"SearchAction\",\"target\":{\"@type\":\"EntryPoint\",\"urlTemplate\":\"https:\/\/www.fiorentini-iberia.com\/ca\/?s={search_term_string}\"},\"query-input\":{\"@type\":\"PropertyValueSpecification\",\"valueRequired\":true,\"valueName\":\"search_term_string\"}}],\"inLanguage\":\"ca\"},{\"@type\":\"Organization\",\"@id\":\"https:\/\/www.fiorentini-iberia.com\/ca\/#organization\",\"name\":\"Pietro Fiorentini Iberia\",\"url\":\"https:\/\/www.fiorentini-iberia.com\/ca\/\",\"logo\":{\"@type\":\"ImageObject\",\"inLanguage\":\"ca\",\"@id\":\"https:\/\/www.fiorentini-iberia.com\/ca\/#\/schema\/logo\/image\/\",\"url\":\"https:\/\/www.fiorentini-iberia.com\/wp-content\/uploads\/2020\/11\/logo.svg\",\"contentUrl\":\"https:\/\/www.fiorentini-iberia.com\/wp-content\/uploads\/2020\/11\/logo.svg\",\"width\":227,\"height\":59,\"caption\":\"Pietro Fiorentini Iberia\"},\"image\":{\"@id\":\"https:\/\/www.fiorentini-iberia.com\/ca\/#\/schema\/logo\/image\/\"},\"sameAs\":[\"https:\/\/x.com\/FiorentiniSpa\",\"https:\/\/www.linkedin.com\/company\/pietro-fiorentini-iberia\/\"]}]}<\/script>\n<!-- \/ Yoast SEO plugin. -->","yoast_head_json":{"title":"Web Pietro Fiorentini en portugu\u00e8s - Pietro Fiorentini","description":"Pietro Fiorentini Ib\u00e8ria t\u00e9 el plaer d'informar-los de l'estrena de la versi\u00f3 portuguesa del seu web.","robots":{"index":"index","follow":"follow","max-snippet":"max-snippet:-1","max-image-preview":"max-image-preview:large","max-video-preview":"max-video-preview:-1"},"canonical":"https:\/\/www.fiorentini-iberia.com\/ca\/news\/llancem-la-nostra-pagina-web-en-portugues\/","og_locale":"ca_ES","og_type":"article","og_title":"Web Pietro Fiorentini en portugu\u00e8s - Pietro Fiorentini","og_description":"Pietro Fiorentini Ib\u00e8ria t\u00e9 el plaer d'informar-los de l'estrena de la versi\u00f3 portuguesa del seu web.","og_url":"https:\/\/www.fiorentini-iberia.com\/ca\/news\/llancem-la-nostra-pagina-web-en-portugues\/","og_site_name":"Pietro Fiorentini","article_modified_time":"2024-04-04T09:18:09+00:00","og_image":[{"width":970,"height":1020,"url":"https:\/\/www.fiorentini-iberia.com\/wp-content\/uploads\/2023\/12\/Noticia-web-en-portugues.jpg","type":"image\/jpeg"}],"twitter_card":"summary_large_image","twitter_site":"@FiorentiniSpa","twitter_misc":{"Temps estimat de lectura":"1 minut"},"schema":{"@context":"https:\/\/schema.org","@graph":[{"@type":"WebPage","@id":"https:\/\/www.fiorentini-iberia.com\/ca\/news\/llancem-la-nostra-pagina-web-en-portugues\/","url":"https:\/\/www.fiorentini-iberia.com\/ca\/news\/llancem-la-nostra-pagina-web-en-portugues\/","name":"Web Pietro Fiorentini en portugu\u00e8s - Pietro Fiorentini","isPartOf":{"@id":"https:\/\/www.fiorentini-iberia.com\/ca\/#website"},"primaryImageOfPage":{"@id":"https:\/\/www.fiorentini-iberia.com\/ca\/news\/llancem-la-nostra-pagina-web-en-portugues\/#primaryimage"},"image":{"@id":"https:\/\/www.fiorentini-iberia.com\/ca\/news\/llancem-la-nostra-pagina-web-en-portugues\/#primaryimage"},"thumbnailUrl":"https:\/\/www.fiorentini-iberia.com\/wp-content\/uploads\/2023\/12\/Noticia-web-en-portugues.jpg","datePublished":"2023-12-13T10:07:15+00:00","dateModified":"2024-04-04T09:18:09+00:00","description":"Pietro Fiorentini Ib\u00e8ria t\u00e9 el plaer d'informar-los de l'estrena de la versi\u00f3 portuguesa del seu web.","breadcrumb":{"@id":"https:\/\/www.fiorentini-iberia.com\/ca\/news\/llancem-la-nostra-pagina-web-en-portugues\/#breadcrumb"},"inLanguage":"ca","potentialAction":[{"@type":"ReadAction","target":["https:\/\/www.fiorentini-iberia.com\/ca\/news\/llancem-la-nostra-pagina-web-en-portugues\/"]}]},{"@type":"ImageObject","inLanguage":"ca","@id":"https:\/\/www.fiorentini-iberia.com\/ca\/news\/llancem-la-nostra-pagina-web-en-portugues\/#primaryimage","url":"https:\/\/www.fiorentini-iberia.com\/wp-content\/uploads\/2023\/12\/Noticia-web-en-portugues.jpg","contentUrl":"https:\/\/www.fiorentini-iberia.com\/wp-content\/uploads\/2023\/12\/Noticia-web-en-portugues.jpg","width":970,"height":1020,"caption":"Pietro Fiorentini Iberia is pleased to inform you of the launch of the Portuguese version of its website, which can now be selected from the top language menu."},{"@type":"BreadcrumbList","@id":"https:\/\/www.fiorentini-iberia.com\/ca\/news\/llancem-la-nostra-pagina-web-en-portugues\/#breadcrumb","itemListElement":[{"@type":"ListItem","position":1,"name":"Home","item":"https:\/\/www.fiorentini-iberia.com\/ca\/"},{"@type":"ListItem","position":2,"name":"News","item":"https:\/\/www.fiorentini-iberia.com\/ca\/news\/"},{"@type":"ListItem","position":3,"name":"Llancem la nostra p\u00e0gina web en portugu\u00e8s"}]},{"@type":"WebSite","@id":"https:\/\/www.fiorentini-iberia.com\/ca\/#website","url":"https:\/\/www.fiorentini-iberia.com\/ca\/","name":"Pietro Fiorentini Iberia","description":"Pietro Fiorentini dise\u00f1a y fabrica componentes, sistemas y servicios para la regulaci\u00f3n, medici\u00f3n, gesti\u00f3n de redes de agua, energ\u00edas renovables, petr\u00f3leo y el gas natural, con sistemas adaptados 100% al hidr\u00f3geno.","publisher":{"@id":"https:\/\/www.fiorentini-iberia.com\/ca\/#organization"},"potentialAction":[{"@type":"SearchAction","target":{"@type":"EntryPoint","urlTemplate":"https:\/\/www.fiorentini-iberia.com\/ca\/?s={search_term_string}"},"query-input":{"@type":"PropertyValueSpecification","valueRequired":true,"valueName":"search_term_string"}}],"inLanguage":"ca"},{"@type":"Organization","@id":"https:\/\/www.fiorentini-iberia.com\/ca\/#organization","name":"Pietro Fiorentini Iberia","url":"https:\/\/www.fiorentini-iberia.com\/ca\/","logo":{"@type":"ImageObject","inLanguage":"ca","@id":"https:\/\/www.fiorentini-iberia.com\/ca\/#\/schema\/logo\/image\/","url":"https:\/\/www.fiorentini-iberia.com\/wp-content\/uploads\/2020\/11\/logo.svg","contentUrl":"https:\/\/www.fiorentini-iberia.com\/wp-content\/uploads\/2020\/11\/logo.svg","width":227,"height":59,"caption":"Pietro Fiorentini Iberia"},"image":{"@id":"https:\/\/www.fiorentini-iberia.com\/ca\/#\/schema\/logo\/image\/"},"sameAs":["https:\/\/x.com\/FiorentiniSpa","https:\/\/www.linkedin.com\/company\/pietro-fiorentini-iberia\/"]}]}},"_links":{"self":[{"href":"https:\/\/www.fiorentini-iberia.com\/ca\/wp-json\/wp\/v2\/news\/51022","targetHints":{"allow":["GET"]}}],"collection":[{"href":"https:\/\/www.fiorentini-iberia.com\/ca\/wp-json\/wp\/v2\/news"}],"about":[{"href":"https:\/\/www.fiorentini-iberia.com\/ca\/wp-json\/wp\/v2\/types\/news"}],"wp:featuredmedia":[{"embeddable":true,"href":"https:\/\/www.fiorentini-iberia.com\/ca\/wp-json\/wp\/v2\/media\/51023"}],"wp:attachment":[{"href":"https:\/\/www.fiorentini-iberia.com\/ca\/wp-json\/wp\/v2\/media?parent=51022"}],"wp:term":[{"taxonomy":"post_tag","embeddable":true,"href":"https:\/\/www.fiorentini-iberia.com\/ca\/wp-json\/wp\/v2\/tags?post=51022"}],"curies":[{"name":"wp","href":"https:\/\/api.w.org\/{rel}","templated":true}]}}