{"id":58243,"date":"2025-01-23T22:10:02","date_gmt":"2025-01-23T21:10:02","guid":{"rendered":"https:\/\/www.fiorentini-iberia.com\/news\/smagua-2025\/"},"modified":"2025-01-28T17:34:44","modified_gmt":"2025-01-28T16:34:44","slug":"smagua-2025","status":"publish","type":"news","link":"https:\/\/www.fiorentini-iberia.com\/ca\/news\/smagua-2025\/","title":{"rendered":"Pietro Fiorentini Ib\u00e8ria ser\u00e0 present a SMAGUA 2025"},"content":{"rendered":"\n<p><strong><a href=\"https:\/\/www.feriazaragoza.es\/smagua\" target=\"_blank\" rel=\"noreferrer noopener\">SMA<\/a><a href=\"https:\/\/www.feriazaragoza.es\/smagua\">GUA<\/a><\/strong>, el <strong>Sal\u00f3 Internacional de l&#8217;Aigua i del Reg<\/strong>, tindr\u00e0 lloc <strong>del 4 al 6 de mar\u00e7 de 2025<\/strong> a la <strong><a href=\"https:\/\/www.feriazaragoza.es\/\">Fira de Saragossa<\/a><\/strong>.<br>&nbsp;<\/p>\n\n\n\n<p>En aquesta edici\u00f3, <strong>Pietro Fiorentini Ib\u00e8ria<\/strong> comptar\u00e0 amb un estand propi, on presentarem els nostres <strong><a href=\"https:\/\/www.fiorentini-iberia.com\/ca\/category\/solucions\/productes\/medicio-de-laigua\/comptadors-intel%c2%b7ligents-daigua-ultrasonics\/\">comptadors ultras\u00f2nics amb comunicaci\u00f3 integrada SSM-Aquo<\/a><\/strong>, <strong>v\u00e0lvules redactores<\/strong>, <strong>ventoses<\/strong> i altres solucions per a la xarxa d\u2019abastament d\u2019aigua.<br>\u00a0<\/p>\n\n\n\n<p>Es requereix acreditaci\u00f3 per a visitar SMAGUA 2025. <strong>Pietro Fiorentini Ib\u00e8ria li ofereix una invitaci\u00f3 gratu\u00efta al Sal\u00f3<\/strong> i, si ho desitja, organitzar una <strong>reuni\u00f3 personalitzada<\/strong> en el nostre espai.<br>&nbsp;<\/p>\n\n\n\n<p>Envi\u00ef&#8217;ns un e-mail a <strong>fiorentini-iberia@fiorentini.com<\/strong> amb l&#8217;<strong>assumpte SMAGUA<\/strong> presentant-se i ens posarem en contacte amb vost\u00e8 per a formalitzar el seu acc\u00e9s gratu\u00eft a la Fira.<br>&nbsp;<\/p>\n\n\n\n<p>L&#8217;esperem en SMAGUA 2025, <strong>Pavell\u00f3 4, estand A-B \/ 49-52<\/strong>.<\/p>\n","protected":false},"excerpt":{"rendered":"<p>SMAGUA \u00e9s el Sal\u00f3 Internacional de l&#8217;Aigua i del Reg, esdeveniment de refer\u00e8ncia en el sud d&#8217;Europa, que tindr\u00e0 lloc del 4 al 6 de mar\u00e7 de 2025 en la Fira de Saragossa (Espanya).<\/p>\n","protected":false},"featured_media":58271,"parent":0,"menu_order":0,"template":"","format":"standard","meta":{"_acf_changed":true,"inline_featured_image":false},"tags":[1505],"class_list":["post-58243","news","type-news","status-publish","format-standard","has-post-thumbnail","hentry","tag-water-ca","news_categories-corporatiu"],"acf":[],"yoast_head":"<!-- This site is optimized with the Yoast SEO plugin v27.2 - https:\/\/yoast.com\/product\/yoast-seo-wordpress\/ -->\n<title>Pietro Fiorentini Ib\u00e8ria ser\u00e0 present a SMAGUA 2025 - Pietro Fiorentini<\/title>\n<meta name=\"description\" content=\"Es tracta del Sal\u00f3 Internacional de l&#039;Aigua i del Reg, esdeveniment de refer\u00e8ncia en el sud d&#039;Europa, que tindr\u00e0 lloc del 4 al 6 de mar\u00e7 de 2025.\" \/>\n<meta name=\"robots\" content=\"index, follow, max-snippet:-1, max-image-preview:large, max-video-preview:-1\" \/>\n<link rel=\"canonical\" href=\"https:\/\/www.fiorentini-iberia.com\/ca\/news\/smagua-2025\/\" \/>\n<meta property=\"og:locale\" content=\"ca_ES\" \/>\n<meta property=\"og:type\" content=\"article\" \/>\n<meta property=\"og:title\" content=\"Pietro Fiorentini Ib\u00e8ria ser\u00e0 present a SMAGUA 2025 - Pietro Fiorentini\" \/>\n<meta property=\"og:description\" content=\"Es tracta del Sal\u00f3 Internacional de l&#039;Aigua i del Reg, esdeveniment de refer\u00e8ncia en el sud d&#039;Europa, que tindr\u00e0 lloc del 4 al 6 de mar\u00e7 de 2025.\" \/>\n<meta property=\"og:url\" content=\"https:\/\/www.fiorentini-iberia.com\/ca\/news\/smagua-2025\/\" \/>\n<meta property=\"og:site_name\" content=\"Pietro Fiorentini\" \/>\n<meta property=\"article:modified_time\" content=\"2025-01-28T16:34:44+00:00\" \/>\n<meta property=\"og:image\" content=\"https:\/\/www.fiorentini-iberia.com\/wp-content\/uploads\/2025\/01\/Noticia-SMAGUA-CAT-1.jpg\" \/>\n\t<meta property=\"og:image:width\" content=\"970\" \/>\n\t<meta property=\"og:image:height\" content=\"1020\" \/>\n\t<meta property=\"og:image:type\" content=\"image\/jpeg\" \/>\n<meta name=\"twitter:card\" content=\"summary_large_image\" \/>\n<meta name=\"twitter:site\" content=\"@FiorentiniSpa\" \/>\n<meta name=\"twitter:label1\" content=\"Temps estimat de lectura\" \/>\n\t<meta name=\"twitter:data1\" content=\"1 minut\" \/>\n<script type=\"application\/ld+json\" class=\"yoast-schema-graph\">{\"@context\":\"https:\/\/schema.org\",\"@graph\":[{\"@type\":\"WebPage\",\"@id\":\"https:\/\/www.fiorentini-iberia.com\/ca\/news\/smagua-2025\/\",\"url\":\"https:\/\/www.fiorentini-iberia.com\/ca\/news\/smagua-2025\/\",\"name\":\"Pietro Fiorentini Ib\u00e8ria ser\u00e0 present a SMAGUA 2025 - Pietro Fiorentini\",\"isPartOf\":{\"@id\":\"https:\/\/www.fiorentini-iberia.com\/ca\/#website\"},\"primaryImageOfPage\":{\"@id\":\"https:\/\/www.fiorentini-iberia.com\/ca\/news\/smagua-2025\/#primaryimage\"},\"image\":{\"@id\":\"https:\/\/www.fiorentini-iberia.com\/ca\/news\/smagua-2025\/#primaryimage\"},\"thumbnailUrl\":\"https:\/\/www.fiorentini-iberia.com\/wp-content\/uploads\/2025\/01\/Noticia-SMAGUA-CAT-1.jpg\",\"datePublished\":\"2025-01-23T21:10:02+00:00\",\"dateModified\":\"2025-01-28T16:34:44+00:00\",\"description\":\"Es tracta del Sal\u00f3 Internacional de l'Aigua i del Reg, esdeveniment de refer\u00e8ncia en el sud d'Europa, que tindr\u00e0 lloc del 4 al 6 de mar\u00e7 de 2025.\",\"breadcrumb\":{\"@id\":\"https:\/\/www.fiorentini-iberia.com\/ca\/news\/smagua-2025\/#breadcrumb\"},\"inLanguage\":\"ca\",\"potentialAction\":[{\"@type\":\"ReadAction\",\"target\":[\"https:\/\/www.fiorentini-iberia.com\/ca\/news\/smagua-2025\/\"]}]},{\"@type\":\"ImageObject\",\"inLanguage\":\"ca\",\"@id\":\"https:\/\/www.fiorentini-iberia.com\/ca\/news\/smagua-2025\/#primaryimage\",\"url\":\"https:\/\/www.fiorentini-iberia.com\/wp-content\/uploads\/2025\/01\/Noticia-SMAGUA-CAT-1.jpg\",\"contentUrl\":\"https:\/\/www.fiorentini-iberia.com\/wp-content\/uploads\/2025\/01\/Noticia-SMAGUA-CAT-1.jpg\",\"width\":970,\"height\":1020},{\"@type\":\"BreadcrumbList\",\"@id\":\"https:\/\/www.fiorentini-iberia.com\/ca\/news\/smagua-2025\/#breadcrumb\",\"itemListElement\":[{\"@type\":\"ListItem\",\"position\":1,\"name\":\"Home\",\"item\":\"https:\/\/www.fiorentini-iberia.com\/ca\/\"},{\"@type\":\"ListItem\",\"position\":2,\"name\":\"News\",\"item\":\"https:\/\/www.fiorentini-iberia.com\/ca\/news\/\"},{\"@type\":\"ListItem\",\"position\":3,\"name\":\"Pietro Fiorentini Ib\u00e8ria ser\u00e0 present a SMAGUA 2025\"}]},{\"@type\":\"WebSite\",\"@id\":\"https:\/\/www.fiorentini-iberia.com\/ca\/#website\",\"url\":\"https:\/\/www.fiorentini-iberia.com\/ca\/\",\"name\":\"Pietro Fiorentini Iberia\",\"description\":\"Pietro Fiorentini dise\u00f1a y fabrica componentes, sistemas y servicios para la regulaci\u00f3n, medici\u00f3n, gesti\u00f3n de redes de agua, energ\u00edas renovables, petr\u00f3leo y el gas natural, con sistemas adaptados 100% al hidr\u00f3geno.\",\"publisher\":{\"@id\":\"https:\/\/www.fiorentini-iberia.com\/ca\/#organization\"},\"potentialAction\":[{\"@type\":\"SearchAction\",\"target\":{\"@type\":\"EntryPoint\",\"urlTemplate\":\"https:\/\/www.fiorentini-iberia.com\/ca\/?s={search_term_string}\"},\"query-input\":{\"@type\":\"PropertyValueSpecification\",\"valueRequired\":true,\"valueName\":\"search_term_string\"}}],\"inLanguage\":\"ca\"},{\"@type\":\"Organization\",\"@id\":\"https:\/\/www.fiorentini-iberia.com\/ca\/#organization\",\"name\":\"Pietro Fiorentini Iberia\",\"url\":\"https:\/\/www.fiorentini-iberia.com\/ca\/\",\"logo\":{\"@type\":\"ImageObject\",\"inLanguage\":\"ca\",\"@id\":\"https:\/\/www.fiorentini-iberia.com\/ca\/#\/schema\/logo\/image\/\",\"url\":\"https:\/\/www.fiorentini-iberia.com\/wp-content\/uploads\/2020\/11\/logo.svg\",\"contentUrl\":\"https:\/\/www.fiorentini-iberia.com\/wp-content\/uploads\/2020\/11\/logo.svg\",\"width\":227,\"height\":59,\"caption\":\"Pietro Fiorentini Iberia\"},\"image\":{\"@id\":\"https:\/\/www.fiorentini-iberia.com\/ca\/#\/schema\/logo\/image\/\"},\"sameAs\":[\"https:\/\/x.com\/FiorentiniSpa\",\"https:\/\/www.linkedin.com\/company\/pietro-fiorentini-iberia\/\"]}]}<\/script>\n<!-- \/ Yoast SEO plugin. -->","yoast_head_json":{"title":"Pietro Fiorentini Ib\u00e8ria ser\u00e0 present a SMAGUA 2025 - Pietro Fiorentini","description":"Es tracta del Sal\u00f3 Internacional de l'Aigua i del Reg, esdeveniment de refer\u00e8ncia en el sud d'Europa, que tindr\u00e0 lloc del 4 al 6 de mar\u00e7 de 2025.","robots":{"index":"index","follow":"follow","max-snippet":"max-snippet:-1","max-image-preview":"max-image-preview:large","max-video-preview":"max-video-preview:-1"},"canonical":"https:\/\/www.fiorentini-iberia.com\/ca\/news\/smagua-2025\/","og_locale":"ca_ES","og_type":"article","og_title":"Pietro Fiorentini Ib\u00e8ria ser\u00e0 present a SMAGUA 2025 - Pietro Fiorentini","og_description":"Es tracta del Sal\u00f3 Internacional de l'Aigua i del Reg, esdeveniment de refer\u00e8ncia en el sud d'Europa, que tindr\u00e0 lloc del 4 al 6 de mar\u00e7 de 2025.","og_url":"https:\/\/www.fiorentini-iberia.com\/ca\/news\/smagua-2025\/","og_site_name":"Pietro Fiorentini","article_modified_time":"2025-01-28T16:34:44+00:00","og_image":[{"width":970,"height":1020,"url":"https:\/\/www.fiorentini-iberia.com\/wp-content\/uploads\/2025\/01\/Noticia-SMAGUA-CAT-1.jpg","type":"image\/jpeg"}],"twitter_card":"summary_large_image","twitter_site":"@FiorentiniSpa","twitter_misc":{"Temps estimat de lectura":"1 minut"},"schema":{"@context":"https:\/\/schema.org","@graph":[{"@type":"WebPage","@id":"https:\/\/www.fiorentini-iberia.com\/ca\/news\/smagua-2025\/","url":"https:\/\/www.fiorentini-iberia.com\/ca\/news\/smagua-2025\/","name":"Pietro Fiorentini Ib\u00e8ria ser\u00e0 present a SMAGUA 2025 - Pietro Fiorentini","isPartOf":{"@id":"https:\/\/www.fiorentini-iberia.com\/ca\/#website"},"primaryImageOfPage":{"@id":"https:\/\/www.fiorentini-iberia.com\/ca\/news\/smagua-2025\/#primaryimage"},"image":{"@id":"https:\/\/www.fiorentini-iberia.com\/ca\/news\/smagua-2025\/#primaryimage"},"thumbnailUrl":"https:\/\/www.fiorentini-iberia.com\/wp-content\/uploads\/2025\/01\/Noticia-SMAGUA-CAT-1.jpg","datePublished":"2025-01-23T21:10:02+00:00","dateModified":"2025-01-28T16:34:44+00:00","description":"Es tracta del Sal\u00f3 Internacional de l'Aigua i del Reg, esdeveniment de refer\u00e8ncia en el sud d'Europa, que tindr\u00e0 lloc del 4 al 6 de mar\u00e7 de 2025.","breadcrumb":{"@id":"https:\/\/www.fiorentini-iberia.com\/ca\/news\/smagua-2025\/#breadcrumb"},"inLanguage":"ca","potentialAction":[{"@type":"ReadAction","target":["https:\/\/www.fiorentini-iberia.com\/ca\/news\/smagua-2025\/"]}]},{"@type":"ImageObject","inLanguage":"ca","@id":"https:\/\/www.fiorentini-iberia.com\/ca\/news\/smagua-2025\/#primaryimage","url":"https:\/\/www.fiorentini-iberia.com\/wp-content\/uploads\/2025\/01\/Noticia-SMAGUA-CAT-1.jpg","contentUrl":"https:\/\/www.fiorentini-iberia.com\/wp-content\/uploads\/2025\/01\/Noticia-SMAGUA-CAT-1.jpg","width":970,"height":1020},{"@type":"BreadcrumbList","@id":"https:\/\/www.fiorentini-iberia.com\/ca\/news\/smagua-2025\/#breadcrumb","itemListElement":[{"@type":"ListItem","position":1,"name":"Home","item":"https:\/\/www.fiorentini-iberia.com\/ca\/"},{"@type":"ListItem","position":2,"name":"News","item":"https:\/\/www.fiorentini-iberia.com\/ca\/news\/"},{"@type":"ListItem","position":3,"name":"Pietro Fiorentini Ib\u00e8ria ser\u00e0 present a SMAGUA 2025"}]},{"@type":"WebSite","@id":"https:\/\/www.fiorentini-iberia.com\/ca\/#website","url":"https:\/\/www.fiorentini-iberia.com\/ca\/","name":"Pietro Fiorentini Iberia","description":"Pietro Fiorentini dise\u00f1a y fabrica componentes, sistemas y servicios para la regulaci\u00f3n, medici\u00f3n, gesti\u00f3n de redes de agua, energ\u00edas renovables, petr\u00f3leo y el gas natural, con sistemas adaptados 100% al hidr\u00f3geno.","publisher":{"@id":"https:\/\/www.fiorentini-iberia.com\/ca\/#organization"},"potentialAction":[{"@type":"SearchAction","target":{"@type":"EntryPoint","urlTemplate":"https:\/\/www.fiorentini-iberia.com\/ca\/?s={search_term_string}"},"query-input":{"@type":"PropertyValueSpecification","valueRequired":true,"valueName":"search_term_string"}}],"inLanguage":"ca"},{"@type":"Organization","@id":"https:\/\/www.fiorentini-iberia.com\/ca\/#organization","name":"Pietro Fiorentini Iberia","url":"https:\/\/www.fiorentini-iberia.com\/ca\/","logo":{"@type":"ImageObject","inLanguage":"ca","@id":"https:\/\/www.fiorentini-iberia.com\/ca\/#\/schema\/logo\/image\/","url":"https:\/\/www.fiorentini-iberia.com\/wp-content\/uploads\/2020\/11\/logo.svg","contentUrl":"https:\/\/www.fiorentini-iberia.com\/wp-content\/uploads\/2020\/11\/logo.svg","width":227,"height":59,"caption":"Pietro Fiorentini Iberia"},"image":{"@id":"https:\/\/www.fiorentini-iberia.com\/ca\/#\/schema\/logo\/image\/"},"sameAs":["https:\/\/x.com\/FiorentiniSpa","https:\/\/www.linkedin.com\/company\/pietro-fiorentini-iberia\/"]}]}},"_links":{"self":[{"href":"https:\/\/www.fiorentini-iberia.com\/ca\/wp-json\/wp\/v2\/news\/58243","targetHints":{"allow":["GET"]}}],"collection":[{"href":"https:\/\/www.fiorentini-iberia.com\/ca\/wp-json\/wp\/v2\/news"}],"about":[{"href":"https:\/\/www.fiorentini-iberia.com\/ca\/wp-json\/wp\/v2\/types\/news"}],"wp:featuredmedia":[{"embeddable":true,"href":"https:\/\/www.fiorentini-iberia.com\/ca\/wp-json\/wp\/v2\/media\/58271"}],"wp:attachment":[{"href":"https:\/\/www.fiorentini-iberia.com\/ca\/wp-json\/wp\/v2\/media?parent=58243"}],"wp:term":[{"taxonomy":"post_tag","embeddable":true,"href":"https:\/\/www.fiorentini-iberia.com\/ca\/wp-json\/wp\/v2\/tags?post=58243"}],"curies":[{"name":"wp","href":"https:\/\/api.w.org\/{rel}","templated":true}]}}