{"id":54354,"date":"2024-06-03T11:39:02","date_gmt":"2024-06-03T09:39:02","guid":{"rendered":"https:\/\/www.fiorentini-iberia.com\/news\/pietro-fiorentini-iberia-en-las-jornadas-sobre-la-gestion-digitalizada-del-agua\/"},"modified":"2024-06-03T12:49:06","modified_gmt":"2024-06-03T10:49:06","slug":"pietro-fiorentini-iberia-na-conferencia-sobre-a-gestao-digitalizada-da-agua","status":"publish","type":"news","link":"https:\/\/www.fiorentini-iberia.com\/pt\/noticias\/pietro-fiorentini-iberia-na-conferencia-sobre-a-gestao-digitalizada-da-agua\/","title":{"rendered":"Pietro Fiorentini Iberia na Confer\u00eancia sobre a Gest\u00e3o Digitalizada da \u00c1gua"},"content":{"rendered":"\n<p>A <strong>Pietro Fiorentini Iberia<\/strong> esteve presente na confer\u00eancia sobre <strong>Gest\u00e3o Digitalizada da \u00c1gua<\/strong>, realizada em Avil\u00e9s nos dias 29 e 30 de maio.<br>\u00a0<br>Pudemos assistir a interessantes apresenta\u00e7\u00f5es sobre projectos de digitaliza\u00e7\u00e3o do ciclo da \u00e1gua apoiados pelo <strong><a href=\"https:\/\/planderecuperacion.gob.es\/preguntas\/que-son-los-perte\" target=\"_blank\" rel=\"noreferrer noopener\">PERTE<\/a><\/strong>.<br>\u00a0<br>Em Espanha e Portugal, estamos num momento de transforma\u00e7\u00e3o e digitaliza\u00e7\u00e3o e a <strong>Pietro Fiorentini Iberia<\/strong> quer fazer a sua parte com os seus <strong><a href=\"https:\/\/www.fiorentini-iberia.com\/pt\/especialistas\/agua\/contadores-de-agua-ultra-sonicos-inteligentes\/\">medidores ultra-s\u00f3nicos de \u00faltima gera\u00e7\u00e3o<\/a><\/strong>.<\/p>\n\n\n\n<div style=\"height:47px\" aria-hidden=\"true\" class=\"wp-block-spacer\"><\/div>\n\n\n\n<p>Veja a confer\u00eancia completa aqui:<br>\u00a0<\/p>\n\n\n\n<iframe loading=\"lazy\" width=\"800\" height=\"450\" src=\"https:\/\/www.youtube.com\/embed\/WVEiNWyTa6w?si=E1EF7WUrGSH1a3TC\" title=\"YouTube video player\" frameborder=\"0\" allow=\"accelerometer; autoplay; clipboard-write; encrypted-media; gyroscope; picture-in-picture; web-share\" referrerpolicy=\"strict-origin-when-cross-origin\" allowfullscreen><\/iframe>\n","protected":false},"excerpt":{"rendered":"<p>A Pietro Fiorentini Iberia esteve presente na confer\u00eancia sobre Gest\u00e3o Digitalizada da \u00c1gua, realizada em Avil\u00e9s nos dias 29 e 30 de maio, com os seus medidores ultra-s\u00f3nicos de \u00faltima gera\u00e7\u00e3o.<\/p>\n","protected":false},"featured_media":54356,"parent":0,"menu_order":0,"template":"","format":"standard","meta":{"_acf_changed":false,"inline_featured_image":false},"tags":[1506,1507],"class_list":["post-54354","news","type-news","status-publish","format-standard","has-post-thumbnail","hentry","tag-conference-pt","tag-water-pt","news_categories-empresa","news_categories-solucoes"],"acf":[],"yoast_head":"<!-- This site is optimized with the Yoast SEO plugin v27.2 - https:\/\/yoast.com\/product\/yoast-seo-wordpress\/ -->\n<title>Pietro Fiorentini Iberia na Confer\u00eancia sobre a Gest\u00e3o Digitalizada da \u00c1gua<\/title>\n<meta name=\"description\" content=\"Pietro Fiorentini Iberia esteve presente na confer\u00eancia sobre Gest\u00e3o Digitalizada da \u00c1gua realizada em Avil\u00e9s com os seus medidores ultra-s\u00f3nicos.\" \/>\n<meta name=\"robots\" content=\"index, follow, max-snippet:-1, max-image-preview:large, max-video-preview:-1\" \/>\n<link rel=\"canonical\" href=\"https:\/\/www.fiorentini-iberia.com\/pt\/noticias\/pietro-fiorentini-iberia-na-conferencia-sobre-a-gestao-digitalizada-da-agua\/\" \/>\n<meta property=\"og:locale\" content=\"pt_PT\" \/>\n<meta property=\"og:type\" content=\"article\" \/>\n<meta property=\"og:title\" content=\"Pietro Fiorentini Iberia na Confer\u00eancia sobre a Gest\u00e3o Digitalizada da \u00c1gua\" \/>\n<meta property=\"og:description\" content=\"Pietro Fiorentini Iberia esteve presente na confer\u00eancia sobre Gest\u00e3o Digitalizada da \u00c1gua realizada em Avil\u00e9s com os seus medidores ultra-s\u00f3nicos.\" \/>\n<meta property=\"og:url\" content=\"https:\/\/www.fiorentini-iberia.com\/pt\/noticias\/pietro-fiorentini-iberia-na-conferencia-sobre-a-gestao-digitalizada-da-agua\/\" \/>\n<meta property=\"og:site_name\" content=\"Pietro Fiorentini\" \/>\n<meta property=\"article:modified_time\" content=\"2024-06-03T10:49:06+00:00\" \/>\n<meta property=\"og:image\" content=\"https:\/\/www.fiorentini-iberia.com\/wp-content\/uploads\/2024\/06\/Noticia-Jornadas-Gestion-digitalizada-del-agua-Aviles-PT.jpg\" \/>\n\t<meta property=\"og:image:width\" content=\"970\" \/>\n\t<meta property=\"og:image:height\" content=\"1020\" \/>\n\t<meta property=\"og:image:type\" content=\"image\/jpeg\" \/>\n<meta name=\"twitter:card\" content=\"summary_large_image\" \/>\n<meta name=\"twitter:site\" content=\"@FiorentiniSpa\" \/>\n<meta name=\"twitter:label1\" content=\"Est. reading time\" \/>\n\t<meta name=\"twitter:data1\" content=\"1 minute\" \/>\n<script type=\"application\/ld+json\" class=\"yoast-schema-graph\">{\"@context\":\"https:\/\/schema.org\",\"@graph\":[{\"@type\":\"WebPage\",\"@id\":\"https:\/\/www.fiorentini-iberia.com\/pt\/noticias\/pietro-fiorentini-iberia-na-conferencia-sobre-a-gestao-digitalizada-da-agua\/\",\"url\":\"https:\/\/www.fiorentini-iberia.com\/pt\/noticias\/pietro-fiorentini-iberia-na-conferencia-sobre-a-gestao-digitalizada-da-agua\/\",\"name\":\"Pietro Fiorentini Iberia na Confer\u00eancia sobre a Gest\u00e3o Digitalizada da \u00c1gua\",\"isPartOf\":{\"@id\":\"https:\/\/www.fiorentini-iberia.com\/pt\/#website\"},\"primaryImageOfPage\":{\"@id\":\"https:\/\/www.fiorentini-iberia.com\/pt\/noticias\/pietro-fiorentini-iberia-na-conferencia-sobre-a-gestao-digitalizada-da-agua\/#primaryimage\"},\"image\":{\"@id\":\"https:\/\/www.fiorentini-iberia.com\/pt\/noticias\/pietro-fiorentini-iberia-na-conferencia-sobre-a-gestao-digitalizada-da-agua\/#primaryimage\"},\"thumbnailUrl\":\"https:\/\/www.fiorentini-iberia.com\/wp-content\/uploads\/2024\/06\/Noticia-Jornadas-Gestion-digitalizada-del-agua-Aviles-PT.jpg\",\"datePublished\":\"2024-06-03T09:39:02+00:00\",\"dateModified\":\"2024-06-03T10:49:06+00:00\",\"description\":\"Pietro Fiorentini Iberia esteve presente na confer\u00eancia sobre Gest\u00e3o Digitalizada da \u00c1gua realizada em Avil\u00e9s com os seus medidores ultra-s\u00f3nicos.\",\"breadcrumb\":{\"@id\":\"https:\/\/www.fiorentini-iberia.com\/pt\/noticias\/pietro-fiorentini-iberia-na-conferencia-sobre-a-gestao-digitalizada-da-agua\/#breadcrumb\"},\"inLanguage\":\"pt-PTD\",\"potentialAction\":[{\"@type\":\"ReadAction\",\"target\":[\"https:\/\/www.fiorentini-iberia.com\/pt\/noticias\/pietro-fiorentini-iberia-na-conferencia-sobre-a-gestao-digitalizada-da-agua\/\"]}]},{\"@type\":\"ImageObject\",\"inLanguage\":\"pt-PTD\",\"@id\":\"https:\/\/www.fiorentini-iberia.com\/pt\/noticias\/pietro-fiorentini-iberia-na-conferencia-sobre-a-gestao-digitalizada-da-agua\/#primaryimage\",\"url\":\"https:\/\/www.fiorentini-iberia.com\/wp-content\/uploads\/2024\/06\/Noticia-Jornadas-Gestion-digitalizada-del-agua-Aviles-PT.jpg\",\"contentUrl\":\"https:\/\/www.fiorentini-iberia.com\/wp-content\/uploads\/2024\/06\/Noticia-Jornadas-Gestion-digitalizada-del-agua-Aviles-PT.jpg\",\"width\":970,\"height\":1020},{\"@type\":\"BreadcrumbList\",\"@id\":\"https:\/\/www.fiorentini-iberia.com\/pt\/noticias\/pietro-fiorentini-iberia-na-conferencia-sobre-a-gestao-digitalizada-da-agua\/#breadcrumb\",\"itemListElement\":[{\"@type\":\"ListItem\",\"position\":1,\"name\":\"Home\",\"item\":\"https:\/\/www.fiorentini-iberia.com\/pt\/\"},{\"@type\":\"ListItem\",\"position\":2,\"name\":\"Not\u00edcias\",\"item\":\"https:\/\/www.fiorentini-iberia.com\/pt\/noticias\/\"},{\"@type\":\"ListItem\",\"position\":3,\"name\":\"Pietro Fiorentini Iberia na Confer\u00eancia sobre a Gest\u00e3o Digitalizada da \u00c1gua\"}]},{\"@type\":\"WebSite\",\"@id\":\"https:\/\/www.fiorentini-iberia.com\/pt\/#website\",\"url\":\"https:\/\/www.fiorentini-iberia.com\/pt\/\",\"name\":\"Pietro Fiorentini Iberia\",\"description\":\"Pietro Fiorentini dise\u00f1a y fabrica componentes, sistemas y servicios para la regulaci\u00f3n, medici\u00f3n, gesti\u00f3n de redes de agua, energ\u00edas renovables, petr\u00f3leo y el gas natural, con sistemas adaptados 100% al hidr\u00f3geno.\",\"publisher\":{\"@id\":\"https:\/\/www.fiorentini-iberia.com\/pt\/#organization\"},\"potentialAction\":[{\"@type\":\"SearchAction\",\"target\":{\"@type\":\"EntryPoint\",\"urlTemplate\":\"https:\/\/www.fiorentini-iberia.com\/pt\/?s={search_term_string}\"},\"query-input\":{\"@type\":\"PropertyValueSpecification\",\"valueRequired\":true,\"valueName\":\"search_term_string\"}}],\"inLanguage\":\"pt-PTD\"},{\"@type\":\"Organization\",\"@id\":\"https:\/\/www.fiorentini-iberia.com\/pt\/#organization\",\"name\":\"Pietro Fiorentini Iberia\",\"url\":\"https:\/\/www.fiorentini-iberia.com\/pt\/\",\"logo\":{\"@type\":\"ImageObject\",\"inLanguage\":\"pt-PTD\",\"@id\":\"https:\/\/www.fiorentini-iberia.com\/pt\/#\/schema\/logo\/image\/\",\"url\":\"https:\/\/www.fiorentini-iberia.com\/wp-content\/uploads\/2020\/11\/logo.svg\",\"contentUrl\":\"https:\/\/www.fiorentini-iberia.com\/wp-content\/uploads\/2020\/11\/logo.svg\",\"width\":227,\"height\":59,\"caption\":\"Pietro Fiorentini Iberia\"},\"image\":{\"@id\":\"https:\/\/www.fiorentini-iberia.com\/pt\/#\/schema\/logo\/image\/\"},\"sameAs\":[\"https:\/\/x.com\/FiorentiniSpa\",\"https:\/\/www.linkedin.com\/company\/pietro-fiorentini-iberia\/\"]}]}<\/script>\n<!-- \/ Yoast SEO plugin. -->","yoast_head_json":{"title":"Pietro Fiorentini Iberia na Confer\u00eancia sobre a Gest\u00e3o Digitalizada da \u00c1gua","description":"Pietro Fiorentini Iberia esteve presente na confer\u00eancia sobre Gest\u00e3o Digitalizada da \u00c1gua realizada em Avil\u00e9s com os seus medidores ultra-s\u00f3nicos.","robots":{"index":"index","follow":"follow","max-snippet":"max-snippet:-1","max-image-preview":"max-image-preview:large","max-video-preview":"max-video-preview:-1"},"canonical":"https:\/\/www.fiorentini-iberia.com\/pt\/noticias\/pietro-fiorentini-iberia-na-conferencia-sobre-a-gestao-digitalizada-da-agua\/","og_locale":"pt_PT","og_type":"article","og_title":"Pietro Fiorentini Iberia na Confer\u00eancia sobre a Gest\u00e3o Digitalizada da \u00c1gua","og_description":"Pietro Fiorentini Iberia esteve presente na confer\u00eancia sobre Gest\u00e3o Digitalizada da \u00c1gua realizada em Avil\u00e9s com os seus medidores ultra-s\u00f3nicos.","og_url":"https:\/\/www.fiorentini-iberia.com\/pt\/noticias\/pietro-fiorentini-iberia-na-conferencia-sobre-a-gestao-digitalizada-da-agua\/","og_site_name":"Pietro Fiorentini","article_modified_time":"2024-06-03T10:49:06+00:00","og_image":[{"width":970,"height":1020,"url":"https:\/\/www.fiorentini-iberia.com\/wp-content\/uploads\/2024\/06\/Noticia-Jornadas-Gestion-digitalizada-del-agua-Aviles-PT.jpg","type":"image\/jpeg"}],"twitter_card":"summary_large_image","twitter_site":"@FiorentiniSpa","twitter_misc":{"Est. reading time":"1 minute"},"schema":{"@context":"https:\/\/schema.org","@graph":[{"@type":"WebPage","@id":"https:\/\/www.fiorentini-iberia.com\/pt\/noticias\/pietro-fiorentini-iberia-na-conferencia-sobre-a-gestao-digitalizada-da-agua\/","url":"https:\/\/www.fiorentini-iberia.com\/pt\/noticias\/pietro-fiorentini-iberia-na-conferencia-sobre-a-gestao-digitalizada-da-agua\/","name":"Pietro Fiorentini Iberia na Confer\u00eancia sobre a Gest\u00e3o Digitalizada da \u00c1gua","isPartOf":{"@id":"https:\/\/www.fiorentini-iberia.com\/pt\/#website"},"primaryImageOfPage":{"@id":"https:\/\/www.fiorentini-iberia.com\/pt\/noticias\/pietro-fiorentini-iberia-na-conferencia-sobre-a-gestao-digitalizada-da-agua\/#primaryimage"},"image":{"@id":"https:\/\/www.fiorentini-iberia.com\/pt\/noticias\/pietro-fiorentini-iberia-na-conferencia-sobre-a-gestao-digitalizada-da-agua\/#primaryimage"},"thumbnailUrl":"https:\/\/www.fiorentini-iberia.com\/wp-content\/uploads\/2024\/06\/Noticia-Jornadas-Gestion-digitalizada-del-agua-Aviles-PT.jpg","datePublished":"2024-06-03T09:39:02+00:00","dateModified":"2024-06-03T10:49:06+00:00","description":"Pietro Fiorentini Iberia esteve presente na confer\u00eancia sobre Gest\u00e3o Digitalizada da \u00c1gua realizada em Avil\u00e9s com os seus medidores ultra-s\u00f3nicos.","breadcrumb":{"@id":"https:\/\/www.fiorentini-iberia.com\/pt\/noticias\/pietro-fiorentini-iberia-na-conferencia-sobre-a-gestao-digitalizada-da-agua\/#breadcrumb"},"inLanguage":"pt-PTD","potentialAction":[{"@type":"ReadAction","target":["https:\/\/www.fiorentini-iberia.com\/pt\/noticias\/pietro-fiorentini-iberia-na-conferencia-sobre-a-gestao-digitalizada-da-agua\/"]}]},{"@type":"ImageObject","inLanguage":"pt-PTD","@id":"https:\/\/www.fiorentini-iberia.com\/pt\/noticias\/pietro-fiorentini-iberia-na-conferencia-sobre-a-gestao-digitalizada-da-agua\/#primaryimage","url":"https:\/\/www.fiorentini-iberia.com\/wp-content\/uploads\/2024\/06\/Noticia-Jornadas-Gestion-digitalizada-del-agua-Aviles-PT.jpg","contentUrl":"https:\/\/www.fiorentini-iberia.com\/wp-content\/uploads\/2024\/06\/Noticia-Jornadas-Gestion-digitalizada-del-agua-Aviles-PT.jpg","width":970,"height":1020},{"@type":"BreadcrumbList","@id":"https:\/\/www.fiorentini-iberia.com\/pt\/noticias\/pietro-fiorentini-iberia-na-conferencia-sobre-a-gestao-digitalizada-da-agua\/#breadcrumb","itemListElement":[{"@type":"ListItem","position":1,"name":"Home","item":"https:\/\/www.fiorentini-iberia.com\/pt\/"},{"@type":"ListItem","position":2,"name":"Not\u00edcias","item":"https:\/\/www.fiorentini-iberia.com\/pt\/noticias\/"},{"@type":"ListItem","position":3,"name":"Pietro Fiorentini Iberia na Confer\u00eancia sobre a Gest\u00e3o Digitalizada da \u00c1gua"}]},{"@type":"WebSite","@id":"https:\/\/www.fiorentini-iberia.com\/pt\/#website","url":"https:\/\/www.fiorentini-iberia.com\/pt\/","name":"Pietro Fiorentini Iberia","description":"Pietro Fiorentini dise\u00f1a y fabrica componentes, sistemas y servicios para la regulaci\u00f3n, medici\u00f3n, gesti\u00f3n de redes de agua, energ\u00edas renovables, petr\u00f3leo y el gas natural, con sistemas adaptados 100% al hidr\u00f3geno.","publisher":{"@id":"https:\/\/www.fiorentini-iberia.com\/pt\/#organization"},"potentialAction":[{"@type":"SearchAction","target":{"@type":"EntryPoint","urlTemplate":"https:\/\/www.fiorentini-iberia.com\/pt\/?s={search_term_string}"},"query-input":{"@type":"PropertyValueSpecification","valueRequired":true,"valueName":"search_term_string"}}],"inLanguage":"pt-PTD"},{"@type":"Organization","@id":"https:\/\/www.fiorentini-iberia.com\/pt\/#organization","name":"Pietro Fiorentini Iberia","url":"https:\/\/www.fiorentini-iberia.com\/pt\/","logo":{"@type":"ImageObject","inLanguage":"pt-PTD","@id":"https:\/\/www.fiorentini-iberia.com\/pt\/#\/schema\/logo\/image\/","url":"https:\/\/www.fiorentini-iberia.com\/wp-content\/uploads\/2020\/11\/logo.svg","contentUrl":"https:\/\/www.fiorentini-iberia.com\/wp-content\/uploads\/2020\/11\/logo.svg","width":227,"height":59,"caption":"Pietro Fiorentini Iberia"},"image":{"@id":"https:\/\/www.fiorentini-iberia.com\/pt\/#\/schema\/logo\/image\/"},"sameAs":["https:\/\/x.com\/FiorentiniSpa","https:\/\/www.linkedin.com\/company\/pietro-fiorentini-iberia\/"]}]}},"_links":{"self":[{"href":"https:\/\/www.fiorentini-iberia.com\/pt\/wp-json\/wp\/v2\/news\/54354","targetHints":{"allow":["GET"]}}],"collection":[{"href":"https:\/\/www.fiorentini-iberia.com\/pt\/wp-json\/wp\/v2\/news"}],"about":[{"href":"https:\/\/www.fiorentini-iberia.com\/pt\/wp-json\/wp\/v2\/types\/news"}],"wp:featuredmedia":[{"embeddable":true,"href":"https:\/\/www.fiorentini-iberia.com\/pt\/wp-json\/wp\/v2\/media\/54356"}],"wp:attachment":[{"href":"https:\/\/www.fiorentini-iberia.com\/pt\/wp-json\/wp\/v2\/media?parent=54354"}],"wp:term":[{"taxonomy":"post_tag","embeddable":true,"href":"https:\/\/www.fiorentini-iberia.com\/pt\/wp-json\/wp\/v2\/tags?post=54354"}],"curies":[{"name":"wp","href":"https:\/\/api.w.org\/{rel}","templated":true}]}}