{"id":54859,"date":"2024-06-09T13:39:51","date_gmt":"2024-06-09T11:39:51","guid":{"rendered":"https:\/\/www.fiorentini-iberia.com\/news\/pietro-fiorentini-iberia-en-el-xxxvii-congreso-aeas-foro-sobre-la-gestion-del-agua-urbana\/"},"modified":"2024-06-10T12:06:13","modified_gmt":"2024-06-10T10:06:13","slug":"pietro-fiorentini-iberia-no-xxxvii-congresso-da-aeas-forum-sobre-a-gestao-da-agua-urbana","status":"publish","type":"news","link":"https:\/\/www.fiorentini-iberia.com\/pt\/noticias\/pietro-fiorentini-iberia-no-xxxvii-congresso-da-aeas-forum-sobre-a-gestao-da-agua-urbana\/","title":{"rendered":"Pietro Fiorentini Iberia no XXXVII Congresso da AEAS &#8211; F\u00f3rum sobre a gest\u00e3o da \u00e1gua urbana"},"content":{"rendered":"\n<p>Na sua <strong>XXXVII edi\u00e7\u00e3o<\/strong>, o <strong><a href=\"https:\/\/www.aeas.es\/component\/content\/article\/8-noticias\/353-la-gobernanza-la-sostenibilidad-la-transformacion-digital-o-los-nuevos-retos-legislativos-ejes-destacados-del-xxxvii-congreso-aeas?Itemid=101\" target=\"_blank\" rel=\"noreferrer noopener\">Congresso da AEAS<\/a><\/strong>, principal f\u00f3rum nacional de profissionais, operadores de \u00e1gua, empresas e institui\u00e7\u00f5es no \u00e2mbito da <strong>\u00e1gua urbana<\/strong>, foi debatida a <strong>sustentabilidade, a transforma\u00e7\u00e3o digital, a ciberseguran\u00e7a ou o nexo \u00e1gua-energia<\/strong>, entre muitos outros temas transversais.<br> <br>O congresso incluiu apresenta\u00e7\u00f5es muito interessantes sobre quest\u00f5es relacionadas com a <strong>dete\u00e7\u00e3o de fugas, a melhoria da gest\u00e3o da rede e o controlo remoto<\/strong>, centrando-se nos desenvolvimentos legislativos no tratamento de \u00e1guas residuais urbanas.<br> <br>A Pietro Fiorentini oferece <strong><a href=\"https:\/\/www.fiorentini-iberia.com\/pt\/solucoes\/ssm-aquo\/\">a nova gama SSM-AQUO de contadores de \u00e1gua ultra-s\u00f3nicos inteligentes<\/a><\/strong> concebidos para o sector residencial. Tratam-se de contadores est\u00e1ticos, que n\u00e3o t\u00eam partes m\u00f3veis sujeitas a desgaste e garantem uma elevada precis\u00e3o, mesmo quando medem caudais muito baixos. Tamb\u00e9m <strong>monitorizam<\/strong> <strong>as informa\u00e7\u00f5es<\/strong> relativas a eventuais fugas, outras anomalias, como um tubo partido, a aus\u00eancia de consumo ou um caudal invertido, etc.<\/p>\n\n\n\n<figure class=\"wp-block-image size-large\"><img loading=\"lazy\" decoding=\"async\" width=\"1024\" height=\"502\" src=\"https:\/\/www.fiorentini-iberia.com\/wp-content\/uploads\/2024\/06\/SSM-Aquo-gama-3-1024x502.jpg\" alt=\"\" class=\"wp-image-54882\" srcset=\"https:\/\/www.fiorentini-iberia.com\/wp-content\/uploads\/2024\/06\/SSM-Aquo-gama-3-1024x502.jpg 1024w, https:\/\/www.fiorentini-iberia.com\/wp-content\/uploads\/2024\/06\/SSM-Aquo-gama-3-300x147.jpg 300w, https:\/\/www.fiorentini-iberia.com\/wp-content\/uploads\/2024\/06\/SSM-Aquo-gama-3-768x376.jpg 768w, https:\/\/www.fiorentini-iberia.com\/wp-content\/uploads\/2024\/06\/SSM-Aquo-gama-3.jpg 1178w\" sizes=\"auto, (max-width: 1024px) 100vw, 1024px\" \/><\/figure>\n\n\n\n<p><strong><a href=\"https:\/\/www.fiorentini-iberia.com\/pt\/solucoes\/produtos\/medidores-de-agua\/contadores-de-agua-inteligentes-ultra-sonicos\/ssm-aquo\/\">Ficha de dados SSM Aquo<\/a><\/strong><\/p>\n","protected":false},"excerpt":{"rendered":"<p>O congresso incluiu apresenta\u00e7\u00f5es muito interessantes sobre temas relacionados com a dete\u00e7\u00e3o de fugas, a melhoria da gest\u00e3o da rede e a monitoriza\u00e7\u00e3o remota, com destaque para os desenvolvimentos legislativos no tratamento de \u00e1guas residuais urbanas.<\/p>\n","protected":false},"featured_media":54897,"parent":0,"menu_order":0,"template":"","format":"standard","meta":{"_acf_changed":false,"inline_featured_image":false},"tags":[1507],"class_list":["post-54859","news","type-news","status-publish","format-standard","has-post-thumbnail","hentry","tag-water-pt","news_categories-empresa","news_categories-solucoes"],"acf":[],"yoast_head":"<!-- This site is optimized with the Yoast SEO plugin v27.2 - https:\/\/yoast.com\/product\/yoast-seo-wordpress\/ -->\n<title>Pietro Fiorentini Iberia no XXXVII Congresso da AEAS - Pietro Fiorentini<\/title>\n<meta name=\"description\" content=\"O congresso incluiu apresenta\u00e7\u00f5es sobre temas espec\u00edficos, centradas na evolu\u00e7\u00e3o legislativa no dom\u00ednio do tratamento de \u00e1guas residuais urbanas.\" \/>\n<meta name=\"robots\" content=\"index, follow, max-snippet:-1, max-image-preview:large, max-video-preview:-1\" \/>\n<link rel=\"canonical\" href=\"https:\/\/www.fiorentini-iberia.com\/pt\/noticias\/pietro-fiorentini-iberia-no-xxxvii-congresso-da-aeas-forum-sobre-a-gestao-da-agua-urbana\/\" \/>\n<meta property=\"og:locale\" content=\"pt_PT\" \/>\n<meta property=\"og:type\" content=\"article\" \/>\n<meta property=\"og:title\" content=\"Pietro Fiorentini Iberia no XXXVII Congresso da AEAS - Pietro Fiorentini\" \/>\n<meta property=\"og:description\" content=\"O congresso incluiu apresenta\u00e7\u00f5es sobre temas espec\u00edficos, centradas na evolu\u00e7\u00e3o legislativa no dom\u00ednio do tratamento de \u00e1guas residuais urbanas.\" \/>\n<meta property=\"og:url\" content=\"https:\/\/www.fiorentini-iberia.com\/pt\/noticias\/pietro-fiorentini-iberia-no-xxxvii-congresso-da-aeas-forum-sobre-a-gestao-da-agua-urbana\/\" \/>\n<meta property=\"og:site_name\" content=\"Pietro Fiorentini\" \/>\n<meta property=\"article:modified_time\" content=\"2024-06-10T10:06:13+00:00\" \/>\n<meta property=\"og:image\" content=\"https:\/\/www.fiorentini-iberia.com\/wp-content\/uploads\/2024\/06\/Noticia-Congreso-AEAS-PT-2.jpg\" \/>\n\t<meta property=\"og:image:width\" content=\"970\" \/>\n\t<meta property=\"og:image:height\" content=\"1020\" \/>\n\t<meta property=\"og:image:type\" content=\"image\/jpeg\" \/>\n<meta name=\"twitter:card\" content=\"summary_large_image\" \/>\n<meta name=\"twitter:site\" content=\"@FiorentiniSpa\" \/>\n<meta name=\"twitter:label1\" content=\"Est. reading time\" \/>\n\t<meta name=\"twitter:data1\" content=\"2 minutes\" \/>\n<script type=\"application\/ld+json\" class=\"yoast-schema-graph\">{\"@context\":\"https:\/\/schema.org\",\"@graph\":[{\"@type\":\"WebPage\",\"@id\":\"https:\/\/www.fiorentini-iberia.com\/pt\/noticias\/pietro-fiorentini-iberia-no-xxxvii-congresso-da-aeas-forum-sobre-a-gestao-da-agua-urbana\/\",\"url\":\"https:\/\/www.fiorentini-iberia.com\/pt\/noticias\/pietro-fiorentini-iberia-no-xxxvii-congresso-da-aeas-forum-sobre-a-gestao-da-agua-urbana\/\",\"name\":\"Pietro Fiorentini Iberia no XXXVII Congresso da AEAS - Pietro Fiorentini\",\"isPartOf\":{\"@id\":\"https:\/\/www.fiorentini-iberia.com\/pt\/#website\"},\"primaryImageOfPage\":{\"@id\":\"https:\/\/www.fiorentini-iberia.com\/pt\/noticias\/pietro-fiorentini-iberia-no-xxxvii-congresso-da-aeas-forum-sobre-a-gestao-da-agua-urbana\/#primaryimage\"},\"image\":{\"@id\":\"https:\/\/www.fiorentini-iberia.com\/pt\/noticias\/pietro-fiorentini-iberia-no-xxxvii-congresso-da-aeas-forum-sobre-a-gestao-da-agua-urbana\/#primaryimage\"},\"thumbnailUrl\":\"https:\/\/www.fiorentini-iberia.com\/wp-content\/uploads\/2024\/06\/Noticia-Congreso-AEAS-PT-2.jpg\",\"datePublished\":\"2024-06-09T11:39:51+00:00\",\"dateModified\":\"2024-06-10T10:06:13+00:00\",\"description\":\"O congresso incluiu apresenta\u00e7\u00f5es sobre temas espec\u00edficos, centradas na evolu\u00e7\u00e3o legislativa no dom\u00ednio do tratamento de \u00e1guas residuais urbanas.\",\"breadcrumb\":{\"@id\":\"https:\/\/www.fiorentini-iberia.com\/pt\/noticias\/pietro-fiorentini-iberia-no-xxxvii-congresso-da-aeas-forum-sobre-a-gestao-da-agua-urbana\/#breadcrumb\"},\"inLanguage\":\"pt-PTD\",\"potentialAction\":[{\"@type\":\"ReadAction\",\"target\":[\"https:\/\/www.fiorentini-iberia.com\/pt\/noticias\/pietro-fiorentini-iberia-no-xxxvii-congresso-da-aeas-forum-sobre-a-gestao-da-agua-urbana\/\"]}]},{\"@type\":\"ImageObject\",\"inLanguage\":\"pt-PTD\",\"@id\":\"https:\/\/www.fiorentini-iberia.com\/pt\/noticias\/pietro-fiorentini-iberia-no-xxxvii-congresso-da-aeas-forum-sobre-a-gestao-da-agua-urbana\/#primaryimage\",\"url\":\"https:\/\/www.fiorentini-iberia.com\/wp-content\/uploads\/2024\/06\/Noticia-Congreso-AEAS-PT-2.jpg\",\"contentUrl\":\"https:\/\/www.fiorentini-iberia.com\/wp-content\/uploads\/2024\/06\/Noticia-Congreso-AEAS-PT-2.jpg\",\"width\":970,\"height\":1020},{\"@type\":\"BreadcrumbList\",\"@id\":\"https:\/\/www.fiorentini-iberia.com\/pt\/noticias\/pietro-fiorentini-iberia-no-xxxvii-congresso-da-aeas-forum-sobre-a-gestao-da-agua-urbana\/#breadcrumb\",\"itemListElement\":[{\"@type\":\"ListItem\",\"position\":1,\"name\":\"Home\",\"item\":\"https:\/\/www.fiorentini-iberia.com\/pt\/\"},{\"@type\":\"ListItem\",\"position\":2,\"name\":\"Not\u00edcias\",\"item\":\"https:\/\/www.fiorentini-iberia.com\/pt\/noticias\/\"},{\"@type\":\"ListItem\",\"position\":3,\"name\":\"Pietro Fiorentini Iberia no XXXVII Congresso da AEAS &#8211; F\u00f3rum sobre a gest\u00e3o da \u00e1gua urbana\"}]},{\"@type\":\"WebSite\",\"@id\":\"https:\/\/www.fiorentini-iberia.com\/pt\/#website\",\"url\":\"https:\/\/www.fiorentini-iberia.com\/pt\/\",\"name\":\"Pietro Fiorentini Iberia\",\"description\":\"Pietro Fiorentini dise\u00f1a y fabrica componentes, sistemas y servicios para la regulaci\u00f3n, medici\u00f3n, gesti\u00f3n de redes de agua, energ\u00edas renovables, petr\u00f3leo y el gas natural, con sistemas adaptados 100% al hidr\u00f3geno.\",\"publisher\":{\"@id\":\"https:\/\/www.fiorentini-iberia.com\/pt\/#organization\"},\"potentialAction\":[{\"@type\":\"SearchAction\",\"target\":{\"@type\":\"EntryPoint\",\"urlTemplate\":\"https:\/\/www.fiorentini-iberia.com\/pt\/?s={search_term_string}\"},\"query-input\":{\"@type\":\"PropertyValueSpecification\",\"valueRequired\":true,\"valueName\":\"search_term_string\"}}],\"inLanguage\":\"pt-PTD\"},{\"@type\":\"Organization\",\"@id\":\"https:\/\/www.fiorentini-iberia.com\/pt\/#organization\",\"name\":\"Pietro Fiorentini Iberia\",\"url\":\"https:\/\/www.fiorentini-iberia.com\/pt\/\",\"logo\":{\"@type\":\"ImageObject\",\"inLanguage\":\"pt-PTD\",\"@id\":\"https:\/\/www.fiorentini-iberia.com\/pt\/#\/schema\/logo\/image\/\",\"url\":\"https:\/\/www.fiorentini-iberia.com\/wp-content\/uploads\/2020\/11\/logo.svg\",\"contentUrl\":\"https:\/\/www.fiorentini-iberia.com\/wp-content\/uploads\/2020\/11\/logo.svg\",\"width\":227,\"height\":59,\"caption\":\"Pietro Fiorentini Iberia\"},\"image\":{\"@id\":\"https:\/\/www.fiorentini-iberia.com\/pt\/#\/schema\/logo\/image\/\"},\"sameAs\":[\"https:\/\/x.com\/FiorentiniSpa\",\"https:\/\/www.linkedin.com\/company\/pietro-fiorentini-iberia\/\"]}]}<\/script>\n<!-- \/ Yoast SEO plugin. -->","yoast_head_json":{"title":"Pietro Fiorentini Iberia no XXXVII Congresso da AEAS - Pietro Fiorentini","description":"O congresso incluiu apresenta\u00e7\u00f5es sobre temas espec\u00edficos, centradas na evolu\u00e7\u00e3o legislativa no dom\u00ednio do tratamento de \u00e1guas residuais urbanas.","robots":{"index":"index","follow":"follow","max-snippet":"max-snippet:-1","max-image-preview":"max-image-preview:large","max-video-preview":"max-video-preview:-1"},"canonical":"https:\/\/www.fiorentini-iberia.com\/pt\/noticias\/pietro-fiorentini-iberia-no-xxxvii-congresso-da-aeas-forum-sobre-a-gestao-da-agua-urbana\/","og_locale":"pt_PT","og_type":"article","og_title":"Pietro Fiorentini Iberia no XXXVII Congresso da AEAS - Pietro Fiorentini","og_description":"O congresso incluiu apresenta\u00e7\u00f5es sobre temas espec\u00edficos, centradas na evolu\u00e7\u00e3o legislativa no dom\u00ednio do tratamento de \u00e1guas residuais urbanas.","og_url":"https:\/\/www.fiorentini-iberia.com\/pt\/noticias\/pietro-fiorentini-iberia-no-xxxvii-congresso-da-aeas-forum-sobre-a-gestao-da-agua-urbana\/","og_site_name":"Pietro Fiorentini","article_modified_time":"2024-06-10T10:06:13+00:00","og_image":[{"width":970,"height":1020,"url":"https:\/\/www.fiorentini-iberia.com\/wp-content\/uploads\/2024\/06\/Noticia-Congreso-AEAS-PT-2.jpg","type":"image\/jpeg"}],"twitter_card":"summary_large_image","twitter_site":"@FiorentiniSpa","twitter_misc":{"Est. reading time":"2 minutes"},"schema":{"@context":"https:\/\/schema.org","@graph":[{"@type":"WebPage","@id":"https:\/\/www.fiorentini-iberia.com\/pt\/noticias\/pietro-fiorentini-iberia-no-xxxvii-congresso-da-aeas-forum-sobre-a-gestao-da-agua-urbana\/","url":"https:\/\/www.fiorentini-iberia.com\/pt\/noticias\/pietro-fiorentini-iberia-no-xxxvii-congresso-da-aeas-forum-sobre-a-gestao-da-agua-urbana\/","name":"Pietro Fiorentini Iberia no XXXVII Congresso da AEAS - Pietro Fiorentini","isPartOf":{"@id":"https:\/\/www.fiorentini-iberia.com\/pt\/#website"},"primaryImageOfPage":{"@id":"https:\/\/www.fiorentini-iberia.com\/pt\/noticias\/pietro-fiorentini-iberia-no-xxxvii-congresso-da-aeas-forum-sobre-a-gestao-da-agua-urbana\/#primaryimage"},"image":{"@id":"https:\/\/www.fiorentini-iberia.com\/pt\/noticias\/pietro-fiorentini-iberia-no-xxxvii-congresso-da-aeas-forum-sobre-a-gestao-da-agua-urbana\/#primaryimage"},"thumbnailUrl":"https:\/\/www.fiorentini-iberia.com\/wp-content\/uploads\/2024\/06\/Noticia-Congreso-AEAS-PT-2.jpg","datePublished":"2024-06-09T11:39:51+00:00","dateModified":"2024-06-10T10:06:13+00:00","description":"O congresso incluiu apresenta\u00e7\u00f5es sobre temas espec\u00edficos, centradas na evolu\u00e7\u00e3o legislativa no dom\u00ednio do tratamento de \u00e1guas residuais urbanas.","breadcrumb":{"@id":"https:\/\/www.fiorentini-iberia.com\/pt\/noticias\/pietro-fiorentini-iberia-no-xxxvii-congresso-da-aeas-forum-sobre-a-gestao-da-agua-urbana\/#breadcrumb"},"inLanguage":"pt-PTD","potentialAction":[{"@type":"ReadAction","target":["https:\/\/www.fiorentini-iberia.com\/pt\/noticias\/pietro-fiorentini-iberia-no-xxxvii-congresso-da-aeas-forum-sobre-a-gestao-da-agua-urbana\/"]}]},{"@type":"ImageObject","inLanguage":"pt-PTD","@id":"https:\/\/www.fiorentini-iberia.com\/pt\/noticias\/pietro-fiorentini-iberia-no-xxxvii-congresso-da-aeas-forum-sobre-a-gestao-da-agua-urbana\/#primaryimage","url":"https:\/\/www.fiorentini-iberia.com\/wp-content\/uploads\/2024\/06\/Noticia-Congreso-AEAS-PT-2.jpg","contentUrl":"https:\/\/www.fiorentini-iberia.com\/wp-content\/uploads\/2024\/06\/Noticia-Congreso-AEAS-PT-2.jpg","width":970,"height":1020},{"@type":"BreadcrumbList","@id":"https:\/\/www.fiorentini-iberia.com\/pt\/noticias\/pietro-fiorentini-iberia-no-xxxvii-congresso-da-aeas-forum-sobre-a-gestao-da-agua-urbana\/#breadcrumb","itemListElement":[{"@type":"ListItem","position":1,"name":"Home","item":"https:\/\/www.fiorentini-iberia.com\/pt\/"},{"@type":"ListItem","position":2,"name":"Not\u00edcias","item":"https:\/\/www.fiorentini-iberia.com\/pt\/noticias\/"},{"@type":"ListItem","position":3,"name":"Pietro Fiorentini Iberia no XXXVII Congresso da AEAS &#8211; F\u00f3rum sobre a gest\u00e3o da \u00e1gua urbana"}]},{"@type":"WebSite","@id":"https:\/\/www.fiorentini-iberia.com\/pt\/#website","url":"https:\/\/www.fiorentini-iberia.com\/pt\/","name":"Pietro Fiorentini Iberia","description":"Pietro Fiorentini dise\u00f1a y fabrica componentes, sistemas y servicios para la regulaci\u00f3n, medici\u00f3n, gesti\u00f3n de redes de agua, energ\u00edas renovables, petr\u00f3leo y el gas natural, con sistemas adaptados 100% al hidr\u00f3geno.","publisher":{"@id":"https:\/\/www.fiorentini-iberia.com\/pt\/#organization"},"potentialAction":[{"@type":"SearchAction","target":{"@type":"EntryPoint","urlTemplate":"https:\/\/www.fiorentini-iberia.com\/pt\/?s={search_term_string}"},"query-input":{"@type":"PropertyValueSpecification","valueRequired":true,"valueName":"search_term_string"}}],"inLanguage":"pt-PTD"},{"@type":"Organization","@id":"https:\/\/www.fiorentini-iberia.com\/pt\/#organization","name":"Pietro Fiorentini Iberia","url":"https:\/\/www.fiorentini-iberia.com\/pt\/","logo":{"@type":"ImageObject","inLanguage":"pt-PTD","@id":"https:\/\/www.fiorentini-iberia.com\/pt\/#\/schema\/logo\/image\/","url":"https:\/\/www.fiorentini-iberia.com\/wp-content\/uploads\/2020\/11\/logo.svg","contentUrl":"https:\/\/www.fiorentini-iberia.com\/wp-content\/uploads\/2020\/11\/logo.svg","width":227,"height":59,"caption":"Pietro Fiorentini Iberia"},"image":{"@id":"https:\/\/www.fiorentini-iberia.com\/pt\/#\/schema\/logo\/image\/"},"sameAs":["https:\/\/x.com\/FiorentiniSpa","https:\/\/www.linkedin.com\/company\/pietro-fiorentini-iberia\/"]}]}},"_links":{"self":[{"href":"https:\/\/www.fiorentini-iberia.com\/pt\/wp-json\/wp\/v2\/news\/54859","targetHints":{"allow":["GET"]}}],"collection":[{"href":"https:\/\/www.fiorentini-iberia.com\/pt\/wp-json\/wp\/v2\/news"}],"about":[{"href":"https:\/\/www.fiorentini-iberia.com\/pt\/wp-json\/wp\/v2\/types\/news"}],"wp:featuredmedia":[{"embeddable":true,"href":"https:\/\/www.fiorentini-iberia.com\/pt\/wp-json\/wp\/v2\/media\/54897"}],"wp:attachment":[{"href":"https:\/\/www.fiorentini-iberia.com\/pt\/wp-json\/wp\/v2\/media?parent=54859"}],"wp:term":[{"taxonomy":"post_tag","embeddable":true,"href":"https:\/\/www.fiorentini-iberia.com\/pt\/wp-json\/wp\/v2\/tags?post=54859"}],"curies":[{"name":"wp","href":"https:\/\/api.w.org\/{rel}","templated":true}]}}