{"id":58249,"date":"2025-01-23T22:10:02","date_gmt":"2025-01-23T21:10:02","guid":{"rendered":"https:\/\/www.fiorentini-iberia.com\/news\/smagua-2025\/"},"modified":"2025-01-28T17:36:29","modified_gmt":"2025-01-28T16:36:29","slug":"smagua-2025","status":"publish","type":"news","link":"https:\/\/www.fiorentini-iberia.com\/pt\/noticias\/smagua-2025\/","title":{"rendered":"Pietro Fiorentini Iberia estar\u00e1 presente no SMAGUA 2025"},"content":{"rendered":"\n<p><strong><a href=\"https:\/\/www.feriazaragoza.com\/smagua\" target=\"_blank\" rel=\"noreferrer noopener\">SMAGUA<\/a><\/strong>, o <strong>Sal\u00e3o Internacional da \u00c1gua e da Irriga\u00e7\u00e3o<\/strong>, ter\u00e1 lugar <strong>de 4 a 6 de mar\u00e7o de 2025<\/strong> na <strong><a href=\"https:\/\/www.feriazaragoza.com\" target=\"_blank\" rel=\"noreferrer noopener\">Feria de Zaragoza<\/a><\/strong>.<br>&nbsp;<\/p>\n\n\n\n<p>Nesta edi\u00e7\u00e3o, a <strong>Pietro Fiorentini Iberia<\/strong> ter\u00e1 o seu pr\u00f3prio stand, onde apresentaremos os nossos <strong><a href=\"https:\/\/www.fiorentini-iberia.com\/pt\/category\/solucoes\/produtos\/medidores-de-agua\/contadores-de-agua-inteligentes-ultra-sonicos\/\">contadores ultrass\u00f3nicos com comunica\u00e7\u00e3o integrada SSM-Aquo<\/a><\/strong>, <strong>v\u00e1lvulas redutoras<\/strong>, <strong>ventosas<\/strong> e outras solu\u00e7\u00f5es para a rede de abastecimento de \u00e1gua.<br>\u00a0<\/p>\n\n\n\n<p>Para visitar o SMAGUA 2025 \u00e9 necess\u00e1rio efetuar uma acredita\u00e7\u00e3o. A <strong>Pietro Fiorentini Iberia gostaria de vos oferecer um convite gratuito para a Exposi\u00e7\u00e3o<\/strong> e, se assim o desejarem, organizar uma <strong>reuni\u00e3o personalizada <\/strong>no nosso espa\u00e7o.<br>&nbsp;<\/p>\n\n\n\n<p>Envie-nos um e-mail para <strong>fiorentini-iberia@fiorentini.com<\/strong> com o <strong>assunto SMAGUA<\/strong> apresentando-se e entraremos em contacto consigo para formalizar o seu acesso gratuito \u00e0 feira.<br>&nbsp;<\/p>\n\n\n\n<p>Esperamos por si no SMAGUA 2025, <strong>pavilh\u00e3o 4, stand A-B \/ 49-52<\/strong>.<\/p>\n","protected":false},"excerpt":{"rendered":"<p>SMAGUA \u00e9 o Sal\u00e3o Internacional da \u00c1gua e da Irriga\u00e7\u00e3o, um evento de refer\u00eancia no Sul da Europa, que ter\u00e1 lugar de 4 a 6 de mar\u00e7o de 2025 na Feira de Sarago\u00e7a (Espanha).<\/p>\n","protected":false},"featured_media":58275,"parent":0,"menu_order":0,"template":"","format":"standard","meta":{"_acf_changed":false,"inline_featured_image":false},"tags":[1507],"class_list":["post-58249","news","type-news","status-publish","format-standard","has-post-thumbnail","hentry","tag-water-pt","news_categories-empresa"],"acf":[],"yoast_head":"<!-- This site is optimized with the Yoast SEO plugin v27.2 - https:\/\/yoast.com\/product\/yoast-seo-wordpress\/ -->\n<title>Pietro Fiorentini Iberia estar\u00e1 presente no SMAGUA 2025 - Pietro Fiorentini<\/title>\n<meta name=\"description\" content=\"Trata-se da Feira Internacional da \u00c1gua e da Irriga\u00e7\u00e3o, um evento de refer\u00eancia no sul da Europa, que ter\u00e1 lugar de 4 a 6 de mar\u00e7o de 2025.\" \/>\n<meta name=\"robots\" content=\"index, follow, max-snippet:-1, max-image-preview:large, max-video-preview:-1\" \/>\n<link rel=\"canonical\" href=\"https:\/\/www.fiorentini-iberia.com\/pt\/noticias\/smagua-2025\/\" \/>\n<meta property=\"og:locale\" content=\"pt_PT\" \/>\n<meta property=\"og:type\" content=\"article\" \/>\n<meta property=\"og:title\" content=\"Pietro Fiorentini Iberia estar\u00e1 presente no SMAGUA 2025 - Pietro Fiorentini\" \/>\n<meta property=\"og:description\" content=\"Trata-se da Feira Internacional da \u00c1gua e da Irriga\u00e7\u00e3o, um evento de refer\u00eancia no sul da Europa, que ter\u00e1 lugar de 4 a 6 de mar\u00e7o de 2025.\" \/>\n<meta property=\"og:url\" content=\"https:\/\/www.fiorentini-iberia.com\/pt\/noticias\/smagua-2025\/\" \/>\n<meta property=\"og:site_name\" content=\"Pietro Fiorentini\" \/>\n<meta property=\"article:modified_time\" content=\"2025-01-28T16:36:29+00:00\" \/>\n<meta property=\"og:image\" content=\"https:\/\/www.fiorentini-iberia.com\/wp-content\/uploads\/2025\/01\/Noticia-SMAGUA-PT-1.jpg\" \/>\n\t<meta property=\"og:image:width\" content=\"970\" \/>\n\t<meta property=\"og:image:height\" content=\"1020\" \/>\n\t<meta property=\"og:image:type\" content=\"image\/jpeg\" \/>\n<meta name=\"twitter:card\" content=\"summary_large_image\" \/>\n<meta name=\"twitter:site\" content=\"@FiorentiniSpa\" \/>\n<meta name=\"twitter:label1\" content=\"Est. reading time\" \/>\n\t<meta name=\"twitter:data1\" content=\"1 minute\" \/>\n<script type=\"application\/ld+json\" class=\"yoast-schema-graph\">{\"@context\":\"https:\/\/schema.org\",\"@graph\":[{\"@type\":\"WebPage\",\"@id\":\"https:\/\/www.fiorentini-iberia.com\/pt\/noticias\/smagua-2025\/\",\"url\":\"https:\/\/www.fiorentini-iberia.com\/pt\/noticias\/smagua-2025\/\",\"name\":\"Pietro Fiorentini Iberia estar\u00e1 presente no SMAGUA 2025 - Pietro Fiorentini\",\"isPartOf\":{\"@id\":\"https:\/\/www.fiorentini-iberia.com\/pt\/#website\"},\"primaryImageOfPage\":{\"@id\":\"https:\/\/www.fiorentini-iberia.com\/pt\/noticias\/smagua-2025\/#primaryimage\"},\"image\":{\"@id\":\"https:\/\/www.fiorentini-iberia.com\/pt\/noticias\/smagua-2025\/#primaryimage\"},\"thumbnailUrl\":\"https:\/\/www.fiorentini-iberia.com\/wp-content\/uploads\/2025\/01\/Noticia-SMAGUA-PT-1.jpg\",\"datePublished\":\"2025-01-23T21:10:02+00:00\",\"dateModified\":\"2025-01-28T16:36:29+00:00\",\"description\":\"Trata-se da Feira Internacional da \u00c1gua e da Irriga\u00e7\u00e3o, um evento de refer\u00eancia no sul da Europa, que ter\u00e1 lugar de 4 a 6 de mar\u00e7o de 2025.\",\"breadcrumb\":{\"@id\":\"https:\/\/www.fiorentini-iberia.com\/pt\/noticias\/smagua-2025\/#breadcrumb\"},\"inLanguage\":\"pt-PTD\",\"potentialAction\":[{\"@type\":\"ReadAction\",\"target\":[\"https:\/\/www.fiorentini-iberia.com\/pt\/noticias\/smagua-2025\/\"]}]},{\"@type\":\"ImageObject\",\"inLanguage\":\"pt-PTD\",\"@id\":\"https:\/\/www.fiorentini-iberia.com\/pt\/noticias\/smagua-2025\/#primaryimage\",\"url\":\"https:\/\/www.fiorentini-iberia.com\/wp-content\/uploads\/2025\/01\/Noticia-SMAGUA-PT-1.jpg\",\"contentUrl\":\"https:\/\/www.fiorentini-iberia.com\/wp-content\/uploads\/2025\/01\/Noticia-SMAGUA-PT-1.jpg\",\"width\":970,\"height\":1020},{\"@type\":\"BreadcrumbList\",\"@id\":\"https:\/\/www.fiorentini-iberia.com\/pt\/noticias\/smagua-2025\/#breadcrumb\",\"itemListElement\":[{\"@type\":\"ListItem\",\"position\":1,\"name\":\"Home\",\"item\":\"https:\/\/www.fiorentini-iberia.com\/pt\/\"},{\"@type\":\"ListItem\",\"position\":2,\"name\":\"Not\u00edcias\",\"item\":\"https:\/\/www.fiorentini-iberia.com\/pt\/noticias\/\"},{\"@type\":\"ListItem\",\"position\":3,\"name\":\"Pietro Fiorentini Iberia estar\u00e1 presente no SMAGUA 2025\"}]},{\"@type\":\"WebSite\",\"@id\":\"https:\/\/www.fiorentini-iberia.com\/pt\/#website\",\"url\":\"https:\/\/www.fiorentini-iberia.com\/pt\/\",\"name\":\"Pietro Fiorentini Iberia\",\"description\":\"Pietro Fiorentini dise\u00f1a y fabrica componentes, sistemas y servicios para la regulaci\u00f3n, medici\u00f3n, gesti\u00f3n de redes de agua, energ\u00edas renovables, petr\u00f3leo y el gas natural, con sistemas adaptados 100% al hidr\u00f3geno.\",\"publisher\":{\"@id\":\"https:\/\/www.fiorentini-iberia.com\/pt\/#organization\"},\"potentialAction\":[{\"@type\":\"SearchAction\",\"target\":{\"@type\":\"EntryPoint\",\"urlTemplate\":\"https:\/\/www.fiorentini-iberia.com\/pt\/?s={search_term_string}\"},\"query-input\":{\"@type\":\"PropertyValueSpecification\",\"valueRequired\":true,\"valueName\":\"search_term_string\"}}],\"inLanguage\":\"pt-PTD\"},{\"@type\":\"Organization\",\"@id\":\"https:\/\/www.fiorentini-iberia.com\/pt\/#organization\",\"name\":\"Pietro Fiorentini Iberia\",\"url\":\"https:\/\/www.fiorentini-iberia.com\/pt\/\",\"logo\":{\"@type\":\"ImageObject\",\"inLanguage\":\"pt-PTD\",\"@id\":\"https:\/\/www.fiorentini-iberia.com\/pt\/#\/schema\/logo\/image\/\",\"url\":\"https:\/\/www.fiorentini-iberia.com\/wp-content\/uploads\/2020\/11\/logo.svg\",\"contentUrl\":\"https:\/\/www.fiorentini-iberia.com\/wp-content\/uploads\/2020\/11\/logo.svg\",\"width\":227,\"height\":59,\"caption\":\"Pietro Fiorentini Iberia\"},\"image\":{\"@id\":\"https:\/\/www.fiorentini-iberia.com\/pt\/#\/schema\/logo\/image\/\"},\"sameAs\":[\"https:\/\/x.com\/FiorentiniSpa\",\"https:\/\/www.linkedin.com\/company\/pietro-fiorentini-iberia\/\"]}]}<\/script>\n<!-- \/ Yoast SEO plugin. -->","yoast_head_json":{"title":"Pietro Fiorentini Iberia estar\u00e1 presente no SMAGUA 2025 - Pietro Fiorentini","description":"Trata-se da Feira Internacional da \u00c1gua e da Irriga\u00e7\u00e3o, um evento de refer\u00eancia no sul da Europa, que ter\u00e1 lugar de 4 a 6 de mar\u00e7o de 2025.","robots":{"index":"index","follow":"follow","max-snippet":"max-snippet:-1","max-image-preview":"max-image-preview:large","max-video-preview":"max-video-preview:-1"},"canonical":"https:\/\/www.fiorentini-iberia.com\/pt\/noticias\/smagua-2025\/","og_locale":"pt_PT","og_type":"article","og_title":"Pietro Fiorentini Iberia estar\u00e1 presente no SMAGUA 2025 - Pietro Fiorentini","og_description":"Trata-se da Feira Internacional da \u00c1gua e da Irriga\u00e7\u00e3o, um evento de refer\u00eancia no sul da Europa, que ter\u00e1 lugar de 4 a 6 de mar\u00e7o de 2025.","og_url":"https:\/\/www.fiorentini-iberia.com\/pt\/noticias\/smagua-2025\/","og_site_name":"Pietro Fiorentini","article_modified_time":"2025-01-28T16:36:29+00:00","og_image":[{"width":970,"height":1020,"url":"https:\/\/www.fiorentini-iberia.com\/wp-content\/uploads\/2025\/01\/Noticia-SMAGUA-PT-1.jpg","type":"image\/jpeg"}],"twitter_card":"summary_large_image","twitter_site":"@FiorentiniSpa","twitter_misc":{"Est. reading time":"1 minute"},"schema":{"@context":"https:\/\/schema.org","@graph":[{"@type":"WebPage","@id":"https:\/\/www.fiorentini-iberia.com\/pt\/noticias\/smagua-2025\/","url":"https:\/\/www.fiorentini-iberia.com\/pt\/noticias\/smagua-2025\/","name":"Pietro Fiorentini Iberia estar\u00e1 presente no SMAGUA 2025 - Pietro Fiorentini","isPartOf":{"@id":"https:\/\/www.fiorentini-iberia.com\/pt\/#website"},"primaryImageOfPage":{"@id":"https:\/\/www.fiorentini-iberia.com\/pt\/noticias\/smagua-2025\/#primaryimage"},"image":{"@id":"https:\/\/www.fiorentini-iberia.com\/pt\/noticias\/smagua-2025\/#primaryimage"},"thumbnailUrl":"https:\/\/www.fiorentini-iberia.com\/wp-content\/uploads\/2025\/01\/Noticia-SMAGUA-PT-1.jpg","datePublished":"2025-01-23T21:10:02+00:00","dateModified":"2025-01-28T16:36:29+00:00","description":"Trata-se da Feira Internacional da \u00c1gua e da Irriga\u00e7\u00e3o, um evento de refer\u00eancia no sul da Europa, que ter\u00e1 lugar de 4 a 6 de mar\u00e7o de 2025.","breadcrumb":{"@id":"https:\/\/www.fiorentini-iberia.com\/pt\/noticias\/smagua-2025\/#breadcrumb"},"inLanguage":"pt-PTD","potentialAction":[{"@type":"ReadAction","target":["https:\/\/www.fiorentini-iberia.com\/pt\/noticias\/smagua-2025\/"]}]},{"@type":"ImageObject","inLanguage":"pt-PTD","@id":"https:\/\/www.fiorentini-iberia.com\/pt\/noticias\/smagua-2025\/#primaryimage","url":"https:\/\/www.fiorentini-iberia.com\/wp-content\/uploads\/2025\/01\/Noticia-SMAGUA-PT-1.jpg","contentUrl":"https:\/\/www.fiorentini-iberia.com\/wp-content\/uploads\/2025\/01\/Noticia-SMAGUA-PT-1.jpg","width":970,"height":1020},{"@type":"BreadcrumbList","@id":"https:\/\/www.fiorentini-iberia.com\/pt\/noticias\/smagua-2025\/#breadcrumb","itemListElement":[{"@type":"ListItem","position":1,"name":"Home","item":"https:\/\/www.fiorentini-iberia.com\/pt\/"},{"@type":"ListItem","position":2,"name":"Not\u00edcias","item":"https:\/\/www.fiorentini-iberia.com\/pt\/noticias\/"},{"@type":"ListItem","position":3,"name":"Pietro Fiorentini Iberia estar\u00e1 presente no SMAGUA 2025"}]},{"@type":"WebSite","@id":"https:\/\/www.fiorentini-iberia.com\/pt\/#website","url":"https:\/\/www.fiorentini-iberia.com\/pt\/","name":"Pietro Fiorentini Iberia","description":"Pietro Fiorentini dise\u00f1a y fabrica componentes, sistemas y servicios para la regulaci\u00f3n, medici\u00f3n, gesti\u00f3n de redes de agua, energ\u00edas renovables, petr\u00f3leo y el gas natural, con sistemas adaptados 100% al hidr\u00f3geno.","publisher":{"@id":"https:\/\/www.fiorentini-iberia.com\/pt\/#organization"},"potentialAction":[{"@type":"SearchAction","target":{"@type":"EntryPoint","urlTemplate":"https:\/\/www.fiorentini-iberia.com\/pt\/?s={search_term_string}"},"query-input":{"@type":"PropertyValueSpecification","valueRequired":true,"valueName":"search_term_string"}}],"inLanguage":"pt-PTD"},{"@type":"Organization","@id":"https:\/\/www.fiorentini-iberia.com\/pt\/#organization","name":"Pietro Fiorentini Iberia","url":"https:\/\/www.fiorentini-iberia.com\/pt\/","logo":{"@type":"ImageObject","inLanguage":"pt-PTD","@id":"https:\/\/www.fiorentini-iberia.com\/pt\/#\/schema\/logo\/image\/","url":"https:\/\/www.fiorentini-iberia.com\/wp-content\/uploads\/2020\/11\/logo.svg","contentUrl":"https:\/\/www.fiorentini-iberia.com\/wp-content\/uploads\/2020\/11\/logo.svg","width":227,"height":59,"caption":"Pietro Fiorentini Iberia"},"image":{"@id":"https:\/\/www.fiorentini-iberia.com\/pt\/#\/schema\/logo\/image\/"},"sameAs":["https:\/\/x.com\/FiorentiniSpa","https:\/\/www.linkedin.com\/company\/pietro-fiorentini-iberia\/"]}]}},"_links":{"self":[{"href":"https:\/\/www.fiorentini-iberia.com\/pt\/wp-json\/wp\/v2\/news\/58249","targetHints":{"allow":["GET"]}}],"collection":[{"href":"https:\/\/www.fiorentini-iberia.com\/pt\/wp-json\/wp\/v2\/news"}],"about":[{"href":"https:\/\/www.fiorentini-iberia.com\/pt\/wp-json\/wp\/v2\/types\/news"}],"wp:featuredmedia":[{"embeddable":true,"href":"https:\/\/www.fiorentini-iberia.com\/pt\/wp-json\/wp\/v2\/media\/58275"}],"wp:attachment":[{"href":"https:\/\/www.fiorentini-iberia.com\/pt\/wp-json\/wp\/v2\/media?parent=58249"}],"wp:term":[{"taxonomy":"post_tag","embeddable":true,"href":"https:\/\/www.fiorentini-iberia.com\/pt\/wp-json\/wp\/v2\/tags?post=58249"}],"curies":[{"name":"wp","href":"https:\/\/api.w.org\/{rel}","templated":true}]}}